{"id":725,"date":"2015-05-07T08:00:57","date_gmt":"2015-05-07T07:00:57","guid":{"rendered":"https:\/\/www.archibat.com\/blog\/?p=725"},"modified":"2018-11-16T17:43:11","modified_gmt":"2018-11-16T16:43:11","slug":"reforme-des-stages-ce-qui-a-change","status":"publish","type":"post","link":"https:\/\/archibat.com\/blog\/reforme-des-stages-ce-qui-a-change\/","title":{"rendered":"R\u00e9forme des stages : ce qui a chang\u00e9 !"},"content":{"rendered":"<p>Les stages et les formations en milieu professionnel se sont g\u00e9n\u00e9ralis\u00e9s. Selon le Conseil \u00e9conomique, social et environnemental, le nombre de stages \u00e9tait en 2012 de 1,6 million par an, contre 600 000 en 2006. La loi relative \u00e0 l&rsquo;encadrement des stages adopt\u00e9e en 2014 et entr\u00e9e en vigueur en 2015 vise \u00e0 favoriser le d\u00e9veloppement des stages de qualit\u00e9, \u00e9viter les stages se substituant \u00e0 des emplois, prot\u00e9ger les droits des stagiaires et am\u00e9liorer leurs statuts.<\/p>\n<h2>Renforcer la vis\u00e9e p\u00e9dagogique du stage<\/h2>\n<p>Le texte innove en instaurant un double suivi du stagiaire, par un enseignant et par un tuteur au sein de l&rsquo;organisme d&rsquo;accueil. Le tuteur accompagne le stagiaire et s&rsquo;assure que les missions qui lui sont confi\u00e9es correspondent \u00e0 celles pr\u00e9vues dans la convention. De plus, pour encourager les stages \u00e0 l&rsquo;\u00e9tranger, les conventions de stage \u00e0 l&rsquo;international doivent d\u00e9sormais \u00eatre accompagn\u00e9s par des informations sur le droit des stagiaires dans le pays d&rsquo;accueil.<\/p>\n<h2>Lutter contre les pratiques abusives de certaines entreprises<\/h2>\n<p>La r\u00e9forme des stages introduit une limitation du stage dans le temps et du nombre de stagiaires au sein de l&rsquo;entreprise. L&rsquo;objectif est de limiter les abus, certaines entreprises fonctionnant avec un nombre excessif de stagiaires et proposant des stages qui sont en r\u00e9alit\u00e9 des emplois d\u00e9guis\u00e9s. La dur\u00e9e du stage est \u00e9galement limit\u00e9e \u00e0 6 mois. Les d\u00e9rogations seront list\u00e9es limitativement par d\u00e9cret. Enfin, le temps de pr\u00e9sence des stagiaires ne pourra plus \u00eatre sup\u00e9rieur \u00e0 celui des salari\u00e9s. Les contr\u00f4les de l&rsquo;inspection du travail sont renforc\u00e9s. En cas de manquement, les amendes peuvent aller de 2000\u20ac \u00e0 4000\u20ac par stagiaire.<\/p>\n<h2>Am\u00e9liorer le statut du stagiaire dans l&rsquo;entreprise<\/h2>\n<p>La loi a \u00e9galement augment\u00e9 de la gratification minimale du stage, passant de 436 euros \u00e0 508 euros aujourd&rsquo;hui et 554 euros \u00e0 partir du 1er septembre 2015. Cette gratification est obligatoire d\u00e8s le premier jour pour les stages sup\u00e9rieurs \u00e0 deux mois. Elle est d\u00e9sormais exon\u00e9r\u00e9e d&rsquo;imp\u00f4t sur le revenu. Concernant les avantages en nature au sein de l&rsquo;entreprise, le stagiaire doit pouvoir b\u00e9n\u00e9ficier des m\u00eames avantages que les salari\u00e9s par rapport aux tickets restaurant, l&rsquo;acc\u00e8s au restaurant d&rsquo;entreprise et la prise en charge des frais de transport. Enfin, pour les stages dont la dur\u00e9e exc\u00e8de deux mois, la convention de stage doit pr\u00e9voir la possibilit\u00e9 de cong\u00e9s et d&rsquo;autorisations d&rsquo;absence au b\u00e9n\u00e9fice du stagiaire.<\/p>\n<p><em><strong>Besoin de stagiaires ? Consultez notre site <a href=\"http:\/\/archibat-prems.com\/\" target=\"_blank\" rel=\"noopener\">Archibat Prem&rsquo;s<\/a> !<\/strong><\/em><\/p>\n","protected":false},"excerpt":{"rendered":"<p>Les stages et les formations en milieu professionnel se sont g\u00e9n\u00e9ralis\u00e9s. Selon le Conseil \u00e9conomique, social et environnemental, le nombre de stages \u00e9tait en 2012\u2026<\/p>\n","protected":false},"author":2,"featured_media":727,"comment_status":"closed","ping_status":"closed","sticky":false,"template":"","format":"standard","meta":{"_acf_changed":false,"footnotes":""},"categories":[4],"tags":[],"class_list":["post-725","post","type-post","status-publish","format-standard","has-post-thumbnail","hentry","category-ressources-humaines"],"acf":[],"yoast_head":"<!-- This site is optimized with the Yoast SEO plugin v24.8.1 - https:\/\/yoast.com\/wordpress\/plugins\/seo\/ -->\n<title>R\u00e9forme des stages : ce qui a chang\u00e9 ! &#8211; ArchiBat Mag<\/title>\n<meta name=\"description\" content=\"La r\u00e9forme des stages vise au d\u00e9veloppement des stages de qualit\u00e9, \u00e9viter les stages se substituant \u00e0 des emplois et prot\u00e9ger les droits des stagiaires...\" \/>\n<meta name=\"robots\" content=\"index, follow, max-snippet:-1, max-image-preview:large, max-video-preview:-1\" \/>\n<link rel=\"canonical\" href=\"https:\/\/archibat.com\/blog\/reforme-des-stages-ce-qui-a-change\/\" \/>\n<meta property=\"og:locale\" content=\"fr_FR\" \/>\n<meta property=\"og:type\" content=\"article\" \/>\n<meta property=\"og:title\" content=\"R\u00e9forme des stages : ce qui a chang\u00e9 ! &#8211; ArchiBat Mag\" \/>\n<meta property=\"og:description\" content=\"La r\u00e9forme des stages vise au d\u00e9veloppement des stages de qualit\u00e9, \u00e9viter les stages se substituant \u00e0 des emplois et prot\u00e9ger les droits des stagiaires...\" \/>\n<meta property=\"og:url\" content=\"https:\/\/archibat.com\/blog\/reforme-des-stages-ce-qui-a-change\/\" \/>\n<meta property=\"og:site_name\" content=\"ArchiBat Mag\" \/>\n<meta property=\"article:published_time\" content=\"2015-05-07T07:00:57+00:00\" \/>\n<meta property=\"article:modified_time\" content=\"2018-11-16T16:43:11+00:00\" \/>\n<meta property=\"og:image\" content=\"https:\/\/archibat.com\/blog\/wp-content\/uploads\/2015\/05\/STAGE-2.jpg\" \/>\n\t<meta property=\"og:image:width\" content=\"635\" \/>\n\t<meta property=\"og:image:height\" content=\"357\" \/>\n\t<meta property=\"og:image:type\" content=\"image\/jpeg\" \/>\n<meta name=\"author\" content=\"communication\" \/>\n<meta name=\"twitter:card\" content=\"summary_large_image\" \/>\n<meta name=\"twitter:label1\" content=\"\u00c9crit par\" \/>\n\t<meta name=\"twitter:data1\" content=\"communication\" \/>\n\t<meta name=\"twitter:label2\" content=\"Dur\u00e9e de lecture estim\u00e9e\" \/>\n\t<meta name=\"twitter:data2\" content=\"2 minutes\" \/>\n<script type=\"application\/ld+json\" class=\"yoast-schema-graph\">{\"@context\":\"https:\/\/schema.org\",\"@graph\":[{\"@type\":\"WebPage\",\"@id\":\"https:\/\/archibat.com\/blog\/reforme-des-stages-ce-qui-a-change\/\",\"url\":\"https:\/\/archibat.com\/blog\/reforme-des-stages-ce-qui-a-change\/\",\"name\":\"R\u00e9forme des stages : ce qui a chang\u00e9 ! &#8211; ArchiBat Mag\",\"isPartOf\":{\"@id\":\"https:\/\/archibat.com\/blog\/#website\"},\"primaryImageOfPage\":{\"@id\":\"https:\/\/archibat.com\/blog\/reforme-des-stages-ce-qui-a-change\/#primaryimage\"},\"image\":{\"@id\":\"https:\/\/archibat.com\/blog\/reforme-des-stages-ce-qui-a-change\/#primaryimage\"},\"thumbnailUrl\":\"https:\/\/archibat.com\/blog\/wp-content\/uploads\/2015\/05\/STAGE-2.jpg\",\"datePublished\":\"2015-05-07T07:00:57+00:00\",\"dateModified\":\"2018-11-16T16:43:11+00:00\",\"author\":{\"@id\":\"https:\/\/archibat.com\/blog\/#\/schema\/person\/c246f0d63b5e719c2cbe4f9bd494bf12\"},\"description\":\"La r\u00e9forme des stages vise au d\u00e9veloppement des stages de qualit\u00e9, \u00e9viter les stages se substituant \u00e0 des emplois et prot\u00e9ger les droits des stagiaires...\",\"breadcrumb\":{\"@id\":\"https:\/\/archibat.com\/blog\/reforme-des-stages-ce-qui-a-change\/#breadcrumb\"},\"inLanguage\":\"fr-FR\",\"potentialAction\":[{\"@type\":\"ReadAction\",\"target\":[\"https:\/\/archibat.com\/blog\/reforme-des-stages-ce-qui-a-change\/\"]}]},{\"@type\":\"ImageObject\",\"inLanguage\":\"fr-FR\",\"@id\":\"https:\/\/archibat.com\/blog\/reforme-des-stages-ce-qui-a-change\/#primaryimage\",\"url\":\"https:\/\/archibat.com\/blog\/wp-content\/uploads\/2015\/05\/STAGE-2.jpg\",\"contentUrl\":\"https:\/\/archibat.com\/blog\/wp-content\/uploads\/2015\/05\/STAGE-2.jpg\",\"width\":635,\"height\":357,\"caption\":\"r\u00e9forme des stages\"},{\"@type\":\"BreadcrumbList\",\"@id\":\"https:\/\/archibat.com\/blog\/reforme-des-stages-ce-qui-a-change\/#breadcrumb\",\"itemListElement\":[{\"@type\":\"ListItem\",\"position\":1,\"name\":\"Home\",\"item\":\"https:\/\/archibat.com\/blog\/\"},{\"@type\":\"ListItem\",\"position\":2,\"name\":\"R\u00e9forme des stages : ce qui a chang\u00e9 !\"}]},{\"@type\":\"WebSite\",\"@id\":\"https:\/\/archibat.com\/blog\/#website\",\"url\":\"https:\/\/archibat.com\/blog\/\",\"name\":\"ArchiBat Mag\",\"description\":\"Vous souhaitez connaitre les derni\u00e8res actualit\u00e9s sur l\u2019Architecture, le Design ou les Ressources Humaines ? D\u00e9couvrez ArchiBat Mag, le magazine d\u00e9di\u00e9 aux m\u00e9tiers de l&#039;Architecture et de l&#039;Ing\u00e9nierie.\",\"potentialAction\":[{\"@type\":\"SearchAction\",\"target\":{\"@type\":\"EntryPoint\",\"urlTemplate\":\"https:\/\/archibat.com\/blog\/?s={search_term_string}\"},\"query-input\":{\"@type\":\"PropertyValueSpecification\",\"valueRequired\":true,\"valueName\":\"search_term_string\"}}],\"inLanguage\":\"fr-FR\"},{\"@type\":\"Person\",\"@id\":\"https:\/\/archibat.com\/blog\/#\/schema\/person\/c246f0d63b5e719c2cbe4f9bd494bf12\",\"name\":\"communication\"}]}<\/script>\n<!-- \/ Yoast SEO plugin. -->","yoast_head_json":{"title":"R\u00e9forme des stages : ce qui a chang\u00e9 ! &#8211; ArchiBat Mag","description":"La r\u00e9forme des stages vise au d\u00e9veloppement des stages de qualit\u00e9, \u00e9viter les stages se substituant \u00e0 des emplois et prot\u00e9ger les droits des stagiaires...","robots":{"index":"index","follow":"follow","max-snippet":"max-snippet:-1","max-image-preview":"max-image-preview:large","max-video-preview":"max-video-preview:-1"},"canonical":"https:\/\/archibat.com\/blog\/reforme-des-stages-ce-qui-a-change\/","og_locale":"fr_FR","og_type":"article","og_title":"R\u00e9forme des stages : ce qui a chang\u00e9 ! &#8211; ArchiBat Mag","og_description":"La r\u00e9forme des stages vise au d\u00e9veloppement des stages de qualit\u00e9, \u00e9viter les stages se substituant \u00e0 des emplois et prot\u00e9ger les droits des stagiaires...","og_url":"https:\/\/archibat.com\/blog\/reforme-des-stages-ce-qui-a-change\/","og_site_name":"ArchiBat Mag","article_published_time":"2015-05-07T07:00:57+00:00","article_modified_time":"2018-11-16T16:43:11+00:00","og_image":[{"width":635,"height":357,"url":"https:\/\/archibat.com\/blog\/wp-content\/uploads\/2015\/05\/STAGE-2.jpg","type":"image\/jpeg"}],"author":"communication","twitter_card":"summary_large_image","twitter_misc":{"\u00c9crit par":"communication","Dur\u00e9e de lecture estim\u00e9e":"2 minutes"},"schema":{"@context":"https:\/\/schema.org","@graph":[{"@type":"WebPage","@id":"https:\/\/archibat.com\/blog\/reforme-des-stages-ce-qui-a-change\/","url":"https:\/\/archibat.com\/blog\/reforme-des-stages-ce-qui-a-change\/","name":"R\u00e9forme des stages : ce qui a chang\u00e9 ! &#8211; ArchiBat Mag","isPartOf":{"@id":"https:\/\/archibat.com\/blog\/#website"},"primaryImageOfPage":{"@id":"https:\/\/archibat.com\/blog\/reforme-des-stages-ce-qui-a-change\/#primaryimage"},"image":{"@id":"https:\/\/archibat.com\/blog\/reforme-des-stages-ce-qui-a-change\/#primaryimage"},"thumbnailUrl":"https:\/\/archibat.com\/blog\/wp-content\/uploads\/2015\/05\/STAGE-2.jpg","datePublished":"2015-05-07T07:00:57+00:00","dateModified":"2018-11-16T16:43:11+00:00","author":{"@id":"https:\/\/archibat.com\/blog\/#\/schema\/person\/c246f0d63b5e719c2cbe4f9bd494bf12"},"description":"La r\u00e9forme des stages vise au d\u00e9veloppement des stages de qualit\u00e9, \u00e9viter les stages se substituant \u00e0 des emplois et prot\u00e9ger les droits des stagiaires...","breadcrumb":{"@id":"https:\/\/archibat.com\/blog\/reforme-des-stages-ce-qui-a-change\/#breadcrumb"},"inLanguage":"fr-FR","potentialAction":[{"@type":"ReadAction","target":["https:\/\/archibat.com\/blog\/reforme-des-stages-ce-qui-a-change\/"]}]},{"@type":"ImageObject","inLanguage":"fr-FR","@id":"https:\/\/archibat.com\/blog\/reforme-des-stages-ce-qui-a-change\/#primaryimage","url":"https:\/\/archibat.com\/blog\/wp-content\/uploads\/2015\/05\/STAGE-2.jpg","contentUrl":"https:\/\/archibat.com\/blog\/wp-content\/uploads\/2015\/05\/STAGE-2.jpg","width":635,"height":357,"caption":"r\u00e9forme des stages"},{"@type":"BreadcrumbList","@id":"https:\/\/archibat.com\/blog\/reforme-des-stages-ce-qui-a-change\/#breadcrumb","itemListElement":[{"@type":"ListItem","position":1,"name":"Home","item":"https:\/\/archibat.com\/blog\/"},{"@type":"ListItem","position":2,"name":"R\u00e9forme des stages : ce qui a chang\u00e9 !"}]},{"@type":"WebSite","@id":"https:\/\/archibat.com\/blog\/#website","url":"https:\/\/archibat.com\/blog\/","name":"ArchiBat Mag","description":"Vous souhaitez connaitre les derni\u00e8res actualit\u00e9s sur l\u2019Architecture, le Design ou les Ressources Humaines ? D\u00e9couvrez ArchiBat Mag, le magazine d\u00e9di\u00e9 aux m\u00e9tiers de l&#039;Architecture et de l&#039;Ing\u00e9nierie.","potentialAction":[{"@type":"SearchAction","target":{"@type":"EntryPoint","urlTemplate":"https:\/\/archibat.com\/blog\/?s={search_term_string}"},"query-input":{"@type":"PropertyValueSpecification","valueRequired":true,"valueName":"search_term_string"}}],"inLanguage":"fr-FR"},{"@type":"Person","@id":"https:\/\/archibat.com\/blog\/#\/schema\/person\/c246f0d63b5e719c2cbe4f9bd494bf12","name":"communication"}]}},"_links":{"self":[{"href":"https:\/\/archibat.com\/blog\/wp-json\/wp\/v2\/posts\/725","targetHints":{"allow":["GET"]}}],"collection":[{"href":"https:\/\/archibat.com\/blog\/wp-json\/wp\/v2\/posts"}],"about":[{"href":"https:\/\/archibat.com\/blog\/wp-json\/wp\/v2\/types\/post"}],"author":[{"embeddable":true,"href":"https:\/\/archibat.com\/blog\/wp-json\/wp\/v2\/users\/2"}],"replies":[{"embeddable":true,"href":"https:\/\/archibat.com\/blog\/wp-json\/wp\/v2\/comments?post=725"}],"version-history":[{"count":1,"href":"https:\/\/archibat.com\/blog\/wp-json\/wp\/v2\/posts\/725\/revisions"}],"predecessor-version":[{"id":7662,"href":"https:\/\/archibat.com\/blog\/wp-json\/wp\/v2\/posts\/725\/revisions\/7662"}],"wp:featuredmedia":[{"embeddable":true,"href":"https:\/\/archibat.com\/blog\/wp-json\/wp\/v2\/media\/727"}],"wp:attachment":[{"href":"https:\/\/archibat.com\/blog\/wp-json\/wp\/v2\/media?parent=725"}],"wp:term":[{"taxonomy":"category","embeddable":true,"href":"https:\/\/archibat.com\/blog\/wp-json\/wp\/v2\/categories?post=725"},{"taxonomy":"post_tag","embeddable":true,"href":"https:\/\/archibat.com\/blog\/wp-json\/wp\/v2\/tags?post=725"}],"curies":[{"name":"wp","href":"https:\/\/api.w.org\/{rel}","templated":true}]}}