{"id":77,"date":"2014-10-18T15:31:09","date_gmt":"2014-10-18T14:31:09","guid":{"rendered":"https:\/\/www.archibat.com\/blog\/?p=77"},"modified":"2022-10-24T15:13:21","modified_gmt":"2022-10-24T13:13:21","slug":"regards-croises-france-chine-portrait-l-architecte-wang-yingbo-22","status":"publish","type":"post","link":"https:\/\/archibat.com\/blog\/regards-croises-france-chine-portrait-l-architecte-wang-yingbo-22\/","title":{"rendered":"Regards crois\u00e9s France \/ Chine : Portrait de l\u2019architecte Wang Yingbo 2\/2"},"content":{"rendered":"<h2>Ensuite, vous r\u00e9int\u00e9grez un cursus d\u2019architecte DPLG \u00e0 l\u2019\u00e9cole d\u2019architecture de Bordeaux&nbsp;?<\/h2>\n<p>Oui, de 2003 \u00e0 2005, je suis directement rentr\u00e9 en 5\u00e8me&nbsp;ann\u00e9e. Et j\u2019ai pu collaborer \u00e0 un programme d\u2019\u00e9changes entre l\u2019\u00e9cole d\u2019architecture de Bordeaux et l\u2019universit\u00e9 de Wuhan&nbsp;; notre objectif \u00e9tant de croiser nos propositions vis-\u00e0-vis du r\u00e9am\u00e9nagement &nbsp;urbain de la ville de Jingzhou. Cette ville historique est entour\u00e9e d\u2019un rempart, le reste de la ville n\u2019\u00e9tant pas pr\u00e9serv\u00e9. Nous avons dress\u00e9 une typologie des habitats traditionnels, fait \u00e9merger ce qu\u2019il fallait conserver ou pas. C\u2019\u00e9tait vraiment tr\u00e8s int\u00e9ressant d\u2019adopter une approche \u00ab&nbsp;occidentale&nbsp;\u00bb de l\u2019urbanisme de mon pays. Je pense qu\u2019en terme de conception, en Chine comme en France, il existe de bons architectes. En France, en revanche, pendant la formation, une attention tr\u00e8s forte est port\u00e9e au contexte, ce qui n\u2019est pas le cas en Chine, faute de temps pour r\u00e9pondre \u00e0 une demande tr\u00e8s tendue. Or actuellement, je pense que les Chinois b\u00e9n\u00e9ficiant de cette double approche &#8211; europ\u00e9enne et chinoise &#8211; ont un vrai savoir-faire \u00e0 apporter sur ce point. M.&nbsp;Brochet est le professeur qui a organis\u00e9 le programme et le voyage d\u2019\u00e9tude. Il est ensuite devenu mon directeur d\u2019\u00e9tudes. En 2005, j\u2019ai obtenu mon dipl\u00f4me d\u2019architecte DPLG, et M. Brochet m\u2019a embauch\u00e9 dans son agence.<\/p>\n<h2>&nbsp;S\u2019agit-il de l\u2019agence Brochet-Lajus-Pueyo?<\/h2>\n<p>Oui, c\u2019est un cabinet d\u2019architecture bordelais qui compte trois associ\u00e9s et quarante salari\u00e9s. Cette structure a \u00e9tabli sa r\u00e9putation dans la conception et la r\u00e9habilitation de projets culturels. On lui doit notamment la r\u00e9habilitation du mus\u00e9e de l\u2019Orangerie \u00e0 Paris, du mus\u00e9e Fabre \u00e0 Montpellier, la conception de nombreuses m\u00e9diath\u00e8ques, des centres culturels, d\u2019expositions, \u2026 Au sein de l\u2019agence, j\u2019ai travaill\u00e9 \u00e0 des concours en phases d\u2019ex\u00e9cution pour des r\u00e9habilitations. C\u2019\u00e9tait tr\u00e8s vari\u00e9 et int\u00e9ressant. En 2008, j\u2019ai continue \u00e0 travailler pour la m\u00eame agence mais \u00e0 Paris, afin de suivre mon \u00e9pouse qui venait d\u2019\u00eatre mut\u00e9e \u00e0 Paris. C\u2019est ainsi que j\u2019ai commenc\u00e9 \u00e0 travailler directement \u00e0 la r\u00e9habilitation du Mus\u00e9e de l\u2019Homme.<\/p>\n<h2>Vous est-il possible de d\u00e9crire ce projet et votre implication dans celui-ci&nbsp;?<\/h2>\n<p>Le Mus\u00e9e de l\u2019Homme est un mus\u00e9e qui fait \u00e9galement office de laboratoire de recherche scientifique. Le programme est ainsi mixte, et comprend une surface de 17000m2. La moiti\u00e9 de la surface est d\u00e9di\u00e9e \u00e0 l\u2019accueil du public, l\u2019autre aux collections et aux plateformes scientifiques. Le b\u00e2timent est class\u00e9 monument historique en clos et couvert (murs et toitures). L\u2019architecte en chef des monuments historiques, le ma\u00eetre d\u2019oeuvre ACMH, Jean-Fran\u00e7ois Lagneau, g\u00e8re cette phase du projet, tandis que l\u2019agence Nebout assure la direction du chantier, et le cabinet Brochet-Lajus-Pueyo associ\u00e9 \u00e0 l\u2019atelier d\u2019architecture Emmanuel Nebout, prend en charge l\u2019am\u00e9nagement int\u00e9rieur. Il s\u2019agit d\u2019une r\u00e9habilitation lourde en site occup\u00e9 car le Mus\u00e9e de la Marine ouvert au public est juxtapos\u00e9 au Mus\u00e9e de l\u2019Homme. La structure du b\u00e2timent doit \u00eatre renforc\u00e9e voire m\u00eame d\u00e9molie dans certains cas et reconstruite, cela engendre beaucoup de travail. Cependant, j\u2019appr\u00e9cie le c\u00f4t\u00e9 un peu casse-t\u00eate du projet car je ne m\u2019ennuie jamais.<\/p>\n<h2>Quelles sont les qualit\u00e9s selon vous pour assurer la coordination des phases d\u2019ex\u00e9cution d\u2019un projet de cette envergure&nbsp;?<\/h2>\n<p>Il faut \u00eatre conscient de sa chance. Vous avez vu la beaut\u00e9 de ce site&nbsp;? Et la vue&nbsp;? C\u2019est fabuleux, \u00e7a donne envie de s\u2019investir. C\u2019est aussi important de trouver un \u00e9quilibre entre un peu d\u2019autorit\u00e9 et beaucoup de doigt\u00e9. Un chantier, vous savez, c\u2019est l\u2019art de la d\u00e9licatesse.<\/p>\n<h2>Comment envisagez-vous votre avenir professionnel&nbsp;?<\/h2>\n<p>A court et moyen terme, terminer la r\u00e9habilitation de ce chantier. En architecture, je m\u2019oriente progressivement vers une carri\u00e8re de directeur de chantier. Cependant, l\u2019aspect cr\u00e9atif me manque, car mon objectif c\u2019est de r\u00e9ussir \u00e0 cr\u00e9er quelque chose d\u2019innovant et d\u2019abouti en architecture comme en cuisine. Ce sont des m\u00e9tiers que je peux exercer dans les deux pays, ce qui est important, car je ressens la n\u00e9cessit\u00e9 d\u2019int\u00e9grer cette double culture, chinoise et fran\u00e7aise, dans mes choix professionnels \u00e0 l\u2019avenir. En fait, je ne veux pas avoir \u00e0 choisir une culture au d\u00e9triment d\u2019une autre, car&nbsp;je suis tr\u00e8s attach\u00e9 aux deux.<\/p>\n<hr>\n<h2>Une Passion&nbsp;?<\/h2>\n<p>La gastronomie, l\u2019\u0153nologie, la mer \u2026<\/p>\n<h2>Vos sources d\u2019inspiration&nbsp;?<\/h2>\n<p>En cuisine, Benjamin Toursel, le chef \u00e9toil\u00e9 de l\u2019auberge du prieur\u00e9 \u00e0 Moirax. Il r\u00e9ussit \u00e0 faire \u00e9merger la sp\u00e9cificit\u00e9 de chaque ingr\u00e9dient gr\u00e2ce \u00e0 des combinaisons complexes mais dont le rendu final semble d\u2019une \u00e9vidente simplicit\u00e9. En histoire de l\u2019art, j\u2019ai beaucoup \u00e9tudi\u00e9 les mouvements artistiques fran\u00e7ais jusqu\u2019au d\u00e9but du XX\u00e8me si\u00e8cle&nbsp;: la peinture classique, le r\u00e9alisme, l\u2019impressionnisme,\u2026<\/p>\n<h2>La France pour vous c\u2019est\u2026<\/h2>\n<p>Mon deuxi\u00e8me pays<\/p>\n<h2>Et la suite ?<\/h2>\n<p>A terme, mettre une strat\u00e9gie en place permettant de vivre la moiti\u00e9 du temps en Chine et l\u2019autre en France.<\/p>\n","protected":false},"excerpt":{"rendered":"<p>Ensuite, vous r\u00e9int\u00e9grez un cursus d\u2019architecte DPLG \u00e0 l\u2019\u00e9cole d\u2019architecture de Bordeaux&nbsp;? Oui, de 2003 \u00e0 2005, je suis directement rentr\u00e9 en 5\u00e8me&nbsp;ann\u00e9e. Et j\u2019ai\u2026<\/p>\n","protected":false},"author":2,"featured_media":189,"comment_status":"closed","ping_status":"closed","sticky":false,"template":"","format":"standard","meta":{"_acf_changed":false,"footnotes":""},"categories":[5],"tags":[1240],"class_list":["post-77","post","type-post","status-publish","format-standard","has-post-thumbnail","hentry","category-portraits","tag-architecture-2"],"acf":[],"yoast_head":"<!-- This site is optimized with the Yoast SEO plugin v24.8.1 - https:\/\/yoast.com\/wordpress\/plugins\/seo\/ -->\n<title>Regards crois\u00e9s France \/ Chine : Portrait de l\u2019architecte Wang Yingbo 2\/2 &#8211; ArchiBat Mag<\/title>\n<meta name=\"description\" content=\"Wang Yingbo, architecte, d\u00e9voile au cours d\u2019une visite sur le chantier de la r\u00e9novation du mus\u00e9e de l\u2019Homme, son parcours franco-chinois. La suite...\" \/>\n<meta name=\"robots\" content=\"index, follow, max-snippet:-1, max-image-preview:large, max-video-preview:-1\" \/>\n<link rel=\"canonical\" href=\"https:\/\/archibat.com\/blog\/regards-croises-france-chine-portrait-l-architecte-wang-yingbo-22\/\" \/>\n<meta property=\"og:locale\" content=\"fr_FR\" \/>\n<meta property=\"og:type\" content=\"article\" \/>\n<meta property=\"og:title\" content=\"Regards crois\u00e9s France \/ Chine : Portrait de l\u2019architecte Wang Yingbo 2\/2 &#8211; ArchiBat Mag\" \/>\n<meta property=\"og:description\" content=\"Wang Yingbo, architecte, d\u00e9voile au cours d\u2019une visite sur le chantier de la r\u00e9novation du mus\u00e9e de l\u2019Homme, son parcours franco-chinois. La suite...\" \/>\n<meta property=\"og:url\" content=\"https:\/\/archibat.com\/blog\/regards-croises-france-chine-portrait-l-architecte-wang-yingbo-22\/\" \/>\n<meta property=\"og:site_name\" content=\"ArchiBat Mag\" \/>\n<meta property=\"article:published_time\" content=\"2014-10-18T14:31:09+00:00\" \/>\n<meta property=\"article:modified_time\" content=\"2022-10-24T13:13:21+00:00\" \/>\n<meta property=\"og:image\" content=\"https:\/\/archibat.com\/blog\/wp-content\/uploads\/2014\/10\/mus\u00e9e-homme.jpg\" \/>\n\t<meta property=\"og:image:width\" content=\"635\" \/>\n\t<meta property=\"og:image:height\" content=\"357\" \/>\n\t<meta property=\"og:image:type\" content=\"image\/jpeg\" \/>\n<meta name=\"author\" content=\"communication\" \/>\n<meta name=\"twitter:card\" content=\"summary_large_image\" \/>\n<meta name=\"twitter:label1\" content=\"\u00c9crit par\" \/>\n\t<meta name=\"twitter:data1\" content=\"communication\" \/>\n\t<meta name=\"twitter:label2\" content=\"Dur\u00e9e de lecture estim\u00e9e\" \/>\n\t<meta name=\"twitter:data2\" content=\"5 minutes\" \/>\n<script type=\"application\/ld+json\" class=\"yoast-schema-graph\">{\"@context\":\"https:\/\/schema.org\",\"@graph\":[{\"@type\":\"WebPage\",\"@id\":\"https:\/\/archibat.com\/blog\/regards-croises-france-chine-portrait-l-architecte-wang-yingbo-22\/\",\"url\":\"https:\/\/archibat.com\/blog\/regards-croises-france-chine-portrait-l-architecte-wang-yingbo-22\/\",\"name\":\"Regards crois\u00e9s France \/ Chine : Portrait de l\u2019architecte Wang Yingbo 2\/2 &#8211; ArchiBat Mag\",\"isPartOf\":{\"@id\":\"https:\/\/archibat.com\/blog\/#website\"},\"primaryImageOfPage\":{\"@id\":\"https:\/\/archibat.com\/blog\/regards-croises-france-chine-portrait-l-architecte-wang-yingbo-22\/#primaryimage\"},\"image\":{\"@id\":\"https:\/\/archibat.com\/blog\/regards-croises-france-chine-portrait-l-architecte-wang-yingbo-22\/#primaryimage\"},\"thumbnailUrl\":\"https:\/\/archibat.com\/blog\/wp-content\/uploads\/2014\/10\/mus\u00e9e-homme.jpg\",\"datePublished\":\"2014-10-18T14:31:09+00:00\",\"dateModified\":\"2022-10-24T13:13:21+00:00\",\"author\":{\"@id\":\"https:\/\/archibat.com\/blog\/#\/schema\/person\/c246f0d63b5e719c2cbe4f9bd494bf12\"},\"description\":\"Wang Yingbo, architecte, d\u00e9voile au cours d\u2019une visite sur le chantier de la r\u00e9novation du mus\u00e9e de l\u2019Homme, son parcours franco-chinois. La suite...\",\"breadcrumb\":{\"@id\":\"https:\/\/archibat.com\/blog\/regards-croises-france-chine-portrait-l-architecte-wang-yingbo-22\/#breadcrumb\"},\"inLanguage\":\"fr-FR\",\"potentialAction\":[{\"@type\":\"ReadAction\",\"target\":[\"https:\/\/archibat.com\/blog\/regards-croises-france-chine-portrait-l-architecte-wang-yingbo-22\/\"]}]},{\"@type\":\"ImageObject\",\"inLanguage\":\"fr-FR\",\"@id\":\"https:\/\/archibat.com\/blog\/regards-croises-france-chine-portrait-l-architecte-wang-yingbo-22\/#primaryimage\",\"url\":\"https:\/\/archibat.com\/blog\/wp-content\/uploads\/2014\/10\/mus\u00e9e-homme.jpg\",\"contentUrl\":\"https:\/\/archibat.com\/blog\/wp-content\/uploads\/2014\/10\/mus\u00e9e-homme.jpg\",\"width\":635,\"height\":357,\"caption\":\"architecte\"},{\"@type\":\"BreadcrumbList\",\"@id\":\"https:\/\/archibat.com\/blog\/regards-croises-france-chine-portrait-l-architecte-wang-yingbo-22\/#breadcrumb\",\"itemListElement\":[{\"@type\":\"ListItem\",\"position\":1,\"name\":\"Home\",\"item\":\"https:\/\/archibat.com\/blog\/\"},{\"@type\":\"ListItem\",\"position\":2,\"name\":\"Regards crois\u00e9s France \/ Chine : Portrait de l\u2019architecte Wang Yingbo 2\/2\"}]},{\"@type\":\"WebSite\",\"@id\":\"https:\/\/archibat.com\/blog\/#website\",\"url\":\"https:\/\/archibat.com\/blog\/\",\"name\":\"ArchiBat Mag\",\"description\":\"Vous souhaitez connaitre les derni\u00e8res actualit\u00e9s sur l\u2019Architecture, le Design ou les Ressources Humaines ? D\u00e9couvrez ArchiBat Mag, le magazine d\u00e9di\u00e9 aux m\u00e9tiers de l&#039;Architecture et de l&#039;Ing\u00e9nierie.\",\"potentialAction\":[{\"@type\":\"SearchAction\",\"target\":{\"@type\":\"EntryPoint\",\"urlTemplate\":\"https:\/\/archibat.com\/blog\/?s={search_term_string}\"},\"query-input\":{\"@type\":\"PropertyValueSpecification\",\"valueRequired\":true,\"valueName\":\"search_term_string\"}}],\"inLanguage\":\"fr-FR\"},{\"@type\":\"Person\",\"@id\":\"https:\/\/archibat.com\/blog\/#\/schema\/person\/c246f0d63b5e719c2cbe4f9bd494bf12\",\"name\":\"communication\"}]}<\/script>\n<!-- \/ Yoast SEO plugin. -->","yoast_head_json":{"title":"Regards crois\u00e9s France \/ Chine : Portrait de l\u2019architecte Wang Yingbo 2\/2 &#8211; ArchiBat Mag","description":"Wang Yingbo, architecte, d\u00e9voile au cours d\u2019une visite sur le chantier de la r\u00e9novation du mus\u00e9e de l\u2019Homme, son parcours franco-chinois. La suite...","robots":{"index":"index","follow":"follow","max-snippet":"max-snippet:-1","max-image-preview":"max-image-preview:large","max-video-preview":"max-video-preview:-1"},"canonical":"https:\/\/archibat.com\/blog\/regards-croises-france-chine-portrait-l-architecte-wang-yingbo-22\/","og_locale":"fr_FR","og_type":"article","og_title":"Regards crois\u00e9s France \/ Chine : Portrait de l\u2019architecte Wang Yingbo 2\/2 &#8211; ArchiBat Mag","og_description":"Wang Yingbo, architecte, d\u00e9voile au cours d\u2019une visite sur le chantier de la r\u00e9novation du mus\u00e9e de l\u2019Homme, son parcours franco-chinois. La suite...","og_url":"https:\/\/archibat.com\/blog\/regards-croises-france-chine-portrait-l-architecte-wang-yingbo-22\/","og_site_name":"ArchiBat Mag","article_published_time":"2014-10-18T14:31:09+00:00","article_modified_time":"2022-10-24T13:13:21+00:00","og_image":[{"width":635,"height":357,"url":"https:\/\/archibat.com\/blog\/wp-content\/uploads\/2014\/10\/mus\u00e9e-homme.jpg","type":"image\/jpeg"}],"author":"communication","twitter_card":"summary_large_image","twitter_misc":{"\u00c9crit par":"communication","Dur\u00e9e de lecture estim\u00e9e":"5 minutes"},"schema":{"@context":"https:\/\/schema.org","@graph":[{"@type":"WebPage","@id":"https:\/\/archibat.com\/blog\/regards-croises-france-chine-portrait-l-architecte-wang-yingbo-22\/","url":"https:\/\/archibat.com\/blog\/regards-croises-france-chine-portrait-l-architecte-wang-yingbo-22\/","name":"Regards crois\u00e9s France \/ Chine : Portrait de l\u2019architecte Wang Yingbo 2\/2 &#8211; ArchiBat Mag","isPartOf":{"@id":"https:\/\/archibat.com\/blog\/#website"},"primaryImageOfPage":{"@id":"https:\/\/archibat.com\/blog\/regards-croises-france-chine-portrait-l-architecte-wang-yingbo-22\/#primaryimage"},"image":{"@id":"https:\/\/archibat.com\/blog\/regards-croises-france-chine-portrait-l-architecte-wang-yingbo-22\/#primaryimage"},"thumbnailUrl":"https:\/\/archibat.com\/blog\/wp-content\/uploads\/2014\/10\/mus\u00e9e-homme.jpg","datePublished":"2014-10-18T14:31:09+00:00","dateModified":"2022-10-24T13:13:21+00:00","author":{"@id":"https:\/\/archibat.com\/blog\/#\/schema\/person\/c246f0d63b5e719c2cbe4f9bd494bf12"},"description":"Wang Yingbo, architecte, d\u00e9voile au cours d\u2019une visite sur le chantier de la r\u00e9novation du mus\u00e9e de l\u2019Homme, son parcours franco-chinois. La suite...","breadcrumb":{"@id":"https:\/\/archibat.com\/blog\/regards-croises-france-chine-portrait-l-architecte-wang-yingbo-22\/#breadcrumb"},"inLanguage":"fr-FR","potentialAction":[{"@type":"ReadAction","target":["https:\/\/archibat.com\/blog\/regards-croises-france-chine-portrait-l-architecte-wang-yingbo-22\/"]}]},{"@type":"ImageObject","inLanguage":"fr-FR","@id":"https:\/\/archibat.com\/blog\/regards-croises-france-chine-portrait-l-architecte-wang-yingbo-22\/#primaryimage","url":"https:\/\/archibat.com\/blog\/wp-content\/uploads\/2014\/10\/mus\u00e9e-homme.jpg","contentUrl":"https:\/\/archibat.com\/blog\/wp-content\/uploads\/2014\/10\/mus\u00e9e-homme.jpg","width":635,"height":357,"caption":"architecte"},{"@type":"BreadcrumbList","@id":"https:\/\/archibat.com\/blog\/regards-croises-france-chine-portrait-l-architecte-wang-yingbo-22\/#breadcrumb","itemListElement":[{"@type":"ListItem","position":1,"name":"Home","item":"https:\/\/archibat.com\/blog\/"},{"@type":"ListItem","position":2,"name":"Regards crois\u00e9s France \/ Chine : Portrait de l\u2019architecte Wang Yingbo 2\/2"}]},{"@type":"WebSite","@id":"https:\/\/archibat.com\/blog\/#website","url":"https:\/\/archibat.com\/blog\/","name":"ArchiBat Mag","description":"Vous souhaitez connaitre les derni\u00e8res actualit\u00e9s sur l\u2019Architecture, le Design ou les Ressources Humaines ? D\u00e9couvrez ArchiBat Mag, le magazine d\u00e9di\u00e9 aux m\u00e9tiers de l&#039;Architecture et de l&#039;Ing\u00e9nierie.","potentialAction":[{"@type":"SearchAction","target":{"@type":"EntryPoint","urlTemplate":"https:\/\/archibat.com\/blog\/?s={search_term_string}"},"query-input":{"@type":"PropertyValueSpecification","valueRequired":true,"valueName":"search_term_string"}}],"inLanguage":"fr-FR"},{"@type":"Person","@id":"https:\/\/archibat.com\/blog\/#\/schema\/person\/c246f0d63b5e719c2cbe4f9bd494bf12","name":"communication"}]}},"_links":{"self":[{"href":"https:\/\/archibat.com\/blog\/wp-json\/wp\/v2\/posts\/77","targetHints":{"allow":["GET"]}}],"collection":[{"href":"https:\/\/archibat.com\/blog\/wp-json\/wp\/v2\/posts"}],"about":[{"href":"https:\/\/archibat.com\/blog\/wp-json\/wp\/v2\/types\/post"}],"author":[{"embeddable":true,"href":"https:\/\/archibat.com\/blog\/wp-json\/wp\/v2\/users\/2"}],"replies":[{"embeddable":true,"href":"https:\/\/archibat.com\/blog\/wp-json\/wp\/v2\/comments?post=77"}],"version-history":[{"count":3,"href":"https:\/\/archibat.com\/blog\/wp-json\/wp\/v2\/posts\/77\/revisions"}],"predecessor-version":[{"id":19138,"href":"https:\/\/archibat.com\/blog\/wp-json\/wp\/v2\/posts\/77\/revisions\/19138"}],"wp:featuredmedia":[{"embeddable":true,"href":"https:\/\/archibat.com\/blog\/wp-json\/wp\/v2\/media\/189"}],"wp:attachment":[{"href":"https:\/\/archibat.com\/blog\/wp-json\/wp\/v2\/media?parent=77"}],"wp:term":[{"taxonomy":"category","embeddable":true,"href":"https:\/\/archibat.com\/blog\/wp-json\/wp\/v2\/categories?post=77"},{"taxonomy":"post_tag","embeddable":true,"href":"https:\/\/archibat.com\/blog\/wp-json\/wp\/v2\/tags?post=77"}],"curies":[{"name":"wp","href":"https:\/\/api.w.org\/{rel}","templated":true}]}}