{"id":778,"date":"2015-05-26T20:08:39","date_gmt":"2015-05-26T18:08:39","guid":{"rendered":"https:\/\/www.archibat.com\/blog\/?p=778"},"modified":"2018-12-11T16:28:11","modified_gmt":"2018-12-11T15:28:11","slug":"portrait-dolivier-le-reun-designer-chez-guerlain-12","status":"publish","type":"post","link":"https:\/\/archibat.com\/blog\/portrait-dolivier-le-reun-designer-chez-guerlain-12\/","title":{"rendered":"Olivier le Reun : designer chez Guerlain 1\/2"},"content":{"rendered":"<p>Olivier le Reun fait partie de ces personnes capables de synth\u00e9tiser toutes les singularit\u00e9s de leur \u00e9poque. Le jeune designer chez Guerlain, en charge du merchandising au d\u00e9partement export de la marque, est \u00e9galement un des membres fondateurs du collectif VLNC regroupant de jeunes cr\u00e9atifs du monde entier. Avec franchise et enthousiasme, il d\u00e9crit les premi\u00e8res \u00e9tapes d\u2019une carri\u00e8re prometteuse.<\/p>\n<h2>Olivier, comment \u00eates-vous devenu designer ?<\/h2>\n<p>J\u2019aimais beaucoup dessiner, et j\u2019\u00e9tais tr\u00e8s sportif. Je pensais plut\u00f4t devenir kin\u00e9 et pratiquer le dessin en tant que loisir car la BD ne me semblait pas offrir un avenir solide. Un seul lyc\u00e9e dans ma r\u00e9gion avait une classe qui pr\u00e9parait au bac arts appliqu\u00e9s. J\u2019ai d\u00e9pos\u00e9 ma candidature sans vraiment y croire et j\u2019ai \u00e9t\u00e9 retenu. J\u2019ai tout de suite aim\u00e9 cette fili\u00e8re. On touchait un peu \u00e0 tout\u00a0: au design, au graphisme, \u00e0 la micro-architecture, \u00e0 la peinture, \u00e0 la sculpture\u2026 J\u2019ai pass\u00e9 mon bac en 2002.<\/p>\n<h2>Vous pensez que les parents, la famille jouent un r\u00f4le important\u00a0dans les choix professionnels d\u2019un jeune?<\/h2>\n<p>Dans mon cas oui. Pourtant, mes parents ne connaissent pas les milieux de la cr\u00e9ation. Ils n\u2019appartiennent pas non plus \u00e0 la bourgeoisie qui b\u00e9n\u00e9ficie d\u2019un r\u00e9seau \u00e9tendu. Mais ils estiment que le travail est un \u00e9l\u00e9ment fondateur d\u2019une vie alors ils m\u2019ont toujours soutenu. Ce sont eux lors d\u2019un d\u00eener chez des amis qui ont entendu parler de ce lyc\u00e9e avec une classe en arts appliqu\u00e9s. Ils m\u2019ont aussi inscrit \u00e0 des cours d\u2019anglais quand j&rsquo;avais six ans. Comme activit\u00e9 extrascolaires, j&rsquo;avais droit au foot et \u00e0 l\u2019anglais\u00a0! Ceci dit, ils ont aussi pos\u00e9 leurs limites. Lorsque je leur ai dit que je voulais faire un Master recherche et embrayer sur un doctorat, ils ont mis le hol\u00e0 et je les comprends.<\/p>\n<h2>Vous avez suivi des \u00e9tudes assez longues semble-t-il, pourquoi?<\/h2>\n<p>Au lyc\u00e9e, tout le monde savait \u00e0 peu pr\u00e8s ce qu\u2019il voulait faire sauf un petit groupe dont je faisais partie. J\u2019ai demand\u00e9 conseil \u00e0 mes professeurs et ceux-ci m\u2019ont conseill\u00e9 de m\u2019inscrire dans un BTS design produit car le programme y \u00e9tait assez g\u00e9n\u00e9raliste. Cela me permettait d\u2019approfondir mes connaissances tout en me donnant un peu de temps pour r\u00e9fl\u00e9chir \u00e0 ce que je voulais faire. J\u2019ai choisi l\u2019\u00e9cole des Herbiers en Vend\u00e9e car j\u2019avais remarqu\u00e9 lors d\u2019une visite au Salon du Meuble \u00e0 Paris que cette \u00e9cole avait un tr\u00e8s grand stand. Il y avait beaucoup de partenariats nou\u00e9s entre l\u2019\u00e9cole et les entreprises, et c\u2019\u00e9tait tr\u00e8s stimulant, mais je sentais que je n\u2019avais toujours pas d\u00e9fini ce qui me plaisait vraiment. Puis, j\u2019ai pass\u00e9 une licence professionnelle en packaging \u00e0 Morlaix. Pour \u00eatre honn\u00eate, cela ne m\u2019int\u00e9ressait pas plus que \u00e7a, mais mes parents avaient besoin d\u2019\u00eatre rassur\u00e9s, le packaging, c\u2019\u00e9tait concret.<\/p>\n<h2>Qu\u2019est-ce que vous a apport\u00e9 cette licence professionnelle en packaging\u00a0?<\/h2>\n<p>Si je n\u2019y ai pas d\u00e9couvert ma voie, j\u2019ai appris beaucoup de choses sur les techniques de commercialisation \u2013 concevoir et aussi vendre un emballage &#8211; qui me sont encore tr\u00e8s utiles aujourd\u2019hui chez Guerlain. Je me suis ensuite inscrit en licence de design et communication \u00e0 l\u2019universit\u00e9 de Bordeaux. Les cours sont r\u00e9partis entre l\u2019universit\u00e9 et l\u2019\u00e9cole nationale sup\u00e9rieure d\u2019architecture de Bordeaux. Le responsable de la formation est Marc-Antoine Florin, architecte et designer. Il a \u00e9t\u00e9 d\u2019ailleurs le premier designer pensionnaire \u00e0 la Villa M\u00e9dicis. Mon travail de m\u00e9moire \u00ab\u00a0Dentelle et Architecture\u00a0\u00bb, jetait les bases d\u2019une r\u00e9flexion sur les liens entre l\u2019architecture et le design. C\u2019\u00e9tait \u00e9galement pour moi une fa\u00e7on de rendre hommage \u00e0 ma grand-m\u00e8re dentelli\u00e8re. Ce m\u00e9moire a beaucoup circul\u00e9 en et on m\u2019a conseill\u00e9 de m\u2019inscrire \u00e0 l\u2019\u00e9cole nationale sup\u00e9rieure d\u2019architecture de Grenoble afin d\u2019y passer un DPEA.<\/p>\n<h2>Qu\u2019est-ce qu\u2019un DPEA\u00a0?<\/h2>\n<p>C\u2019est un dipl\u00f4me que l\u2019on obtient apr\u00e8s deux ann\u00e9es de formation. Il est sp\u00e9cifique aux \u00e9coles nationales sup\u00e9rieures d\u2019architecture en France et permet d\u2019approfondir ses connaissances dans une discipline particuli\u00e8re et de l\u2019int\u00e9grer dans une perspective de r\u00e9flexion architecturale. Actuellement, il en existe neuf. A l\u2019\u00e9cole nationale sup\u00e9rieure d\u2019architecture de Grenoble, le DPEA a pour objet l\u2019\u00e9tude des liens qui peuvent exister entre architecture et design. Le DPEA fonctionne comme un laboratoire de recherche sur des projets qui durent six mois, huit mois, un an, avec une production \u00e0 l\u2019\u00e9chelle 1. Dans les vingt-cinq \u00e9tudiants que compte chaque promotion, on rencontre pas mal d\u2019\u00e9trangers car l&rsquo;ENSAG a d\u00e9velopp\u00e9 de nombreux partenariats \u00e0 l&rsquo;international et a su s&rsquo;appuyer sur le rayonnement de Grenoble, ville bien plus connue dans le monde que je n&rsquo;avais pu le soup\u00e7onner.<\/p>\n<h2>A la fin de vos \u00e9tudes, vous avez \u00e9t\u00e9 confront\u00e9 \u00e0 un choix difficile, rester \u00e0 Grenoble et ouvrir votre soci\u00e9t\u00e9 ou exercer vos comp\u00e9tences \u00e0 Paris comme salari\u00e9\u00a0?<\/h2>\n<p>Je me suis li\u00e9 d\u2019amiti\u00e9 avec un \u00e9tudiant de ma promo, un Tha\u00eflandais, docteur en architecte\u00a0?, brillant et sympa. En deuxi\u00e8me ann\u00e9e, un promoteur immobilier de la station de ski Flaine nous a demand\u00e9 de r\u00e9nover et restructurer des appartements initialement con\u00e7us et r\u00e9alis\u00e9s par Marcel Breuer. Avec le recul, je reste \u00e9pat\u00e9 par ce que nous avons fait. Le promoteur immobilier nous a ensuite propos\u00e9 de monter notre agence en nous donnant m\u00eame un local. La proposition \u00e9tait tr\u00e8s tentante, mais je n&rsquo;\u00e9tais pas encore mature et mon bin\u00f4me devait retourner en Tha\u00eflande. Sur le moment, c\u2019\u00e9tait vraiment dur de d\u00e9cliner son offre, mais je savais que c\u2019\u00e9tait pr\u00e9matur\u00e9. J\u2019en conserve un tr\u00e8s agr\u00e9able sentiment de satisfaction li\u00e9 au travail bien fait.<\/p>\n<p>&nbsp;<\/p>\n<p><em><strong>A suivre&#8230;<\/strong><\/em><\/p>\n","protected":false},"excerpt":{"rendered":"<p>Olivier le Reun fait partie de ces personnes capables de synth\u00e9tiser toutes les singularit\u00e9s de leur \u00e9poque. Le jeune designer chez Guerlain, en charge du\u2026<\/p>\n","protected":false},"author":2,"featured_media":781,"comment_status":"closed","ping_status":"closed","sticky":false,"template":"","format":"standard","meta":{"_acf_changed":false,"footnotes":""},"categories":[5],"tags":[1240,1228,1438,1439,1440,1426],"class_list":["post-778","post","type-post","status-publish","format-standard","has-post-thumbnail","hentry","category-portraits","tag-architecture-2","tag-design","tag-ecole-des-herbiers","tag-guerlain","tag-packaging","tag-portrait"],"acf":[],"yoast_head":"<!-- This site is optimized with the Yoast SEO plugin v24.8.1 - https:\/\/yoast.com\/wordpress\/plugins\/seo\/ -->\n<title>Olivier le Reun : designer chez Guerlain 1\/2 &#8211; ArchiBat Mag<\/title>\n<meta name=\"description\" content=\"Le jeune designer chez Guerlain, en charge du merchandising au d\u00e9partement export de la marque, synth\u00e9tise toutes les singularit\u00e9s de son \u00e9poque. Portrait.\" \/>\n<meta name=\"robots\" content=\"index, follow, max-snippet:-1, max-image-preview:large, max-video-preview:-1\" \/>\n<link rel=\"canonical\" href=\"https:\/\/archibat.com\/blog\/portrait-dolivier-le-reun-designer-chez-guerlain-12\/\" \/>\n<meta property=\"og:locale\" content=\"fr_FR\" \/>\n<meta property=\"og:type\" content=\"article\" \/>\n<meta property=\"og:title\" content=\"Olivier le Reun : designer chez Guerlain 1\/2 &#8211; ArchiBat Mag\" \/>\n<meta property=\"og:description\" content=\"Le jeune designer chez Guerlain, en charge du merchandising au d\u00e9partement export de la marque, synth\u00e9tise toutes les singularit\u00e9s de son \u00e9poque. Portrait.\" \/>\n<meta property=\"og:url\" content=\"https:\/\/archibat.com\/blog\/portrait-dolivier-le-reun-designer-chez-guerlain-12\/\" \/>\n<meta property=\"og:site_name\" content=\"ArchiBat Mag\" \/>\n<meta property=\"article:published_time\" content=\"2015-05-26T18:08:39+00:00\" \/>\n<meta property=\"article:modified_time\" content=\"2018-12-11T15:28:11+00:00\" \/>\n<meta property=\"og:image\" content=\"https:\/\/archibat.com\/blog\/wp-content\/uploads\/2015\/05\/Guerlain-parfums-2.jpg\" \/>\n\t<meta property=\"og:image:width\" content=\"635\" \/>\n\t<meta property=\"og:image:height\" content=\"357\" \/>\n\t<meta property=\"og:image:type\" content=\"image\/jpeg\" \/>\n<meta name=\"author\" content=\"communication\" \/>\n<meta name=\"twitter:card\" content=\"summary_large_image\" \/>\n<meta name=\"twitter:label1\" content=\"\u00c9crit par\" \/>\n\t<meta name=\"twitter:data1\" content=\"communication\" \/>\n\t<meta name=\"twitter:label2\" content=\"Dur\u00e9e de lecture estim\u00e9e\" \/>\n\t<meta name=\"twitter:data2\" content=\"5 minutes\" \/>\n<script type=\"application\/ld+json\" class=\"yoast-schema-graph\">{\"@context\":\"https:\/\/schema.org\",\"@graph\":[{\"@type\":\"WebPage\",\"@id\":\"https:\/\/archibat.com\/blog\/portrait-dolivier-le-reun-designer-chez-guerlain-12\/\",\"url\":\"https:\/\/archibat.com\/blog\/portrait-dolivier-le-reun-designer-chez-guerlain-12\/\",\"name\":\"Olivier le Reun : designer chez Guerlain 1\/2 &#8211; ArchiBat Mag\",\"isPartOf\":{\"@id\":\"https:\/\/archibat.com\/blog\/#website\"},\"primaryImageOfPage\":{\"@id\":\"https:\/\/archibat.com\/blog\/portrait-dolivier-le-reun-designer-chez-guerlain-12\/#primaryimage\"},\"image\":{\"@id\":\"https:\/\/archibat.com\/blog\/portrait-dolivier-le-reun-designer-chez-guerlain-12\/#primaryimage\"},\"thumbnailUrl\":\"https:\/\/archibat.com\/blog\/wp-content\/uploads\/2015\/05\/Guerlain-parfums-2.jpg\",\"datePublished\":\"2015-05-26T18:08:39+00:00\",\"dateModified\":\"2018-12-11T15:28:11+00:00\",\"author\":{\"@id\":\"https:\/\/archibat.com\/blog\/#\/schema\/person\/c246f0d63b5e719c2cbe4f9bd494bf12\"},\"description\":\"Le jeune designer chez Guerlain, en charge du merchandising au d\u00e9partement export de la marque, synth\u00e9tise toutes les singularit\u00e9s de son \u00e9poque. Portrait.\",\"breadcrumb\":{\"@id\":\"https:\/\/archibat.com\/blog\/portrait-dolivier-le-reun-designer-chez-guerlain-12\/#breadcrumb\"},\"inLanguage\":\"fr-FR\",\"potentialAction\":[{\"@type\":\"ReadAction\",\"target\":[\"https:\/\/archibat.com\/blog\/portrait-dolivier-le-reun-designer-chez-guerlain-12\/\"]}]},{\"@type\":\"ImageObject\",\"inLanguage\":\"fr-FR\",\"@id\":\"https:\/\/archibat.com\/blog\/portrait-dolivier-le-reun-designer-chez-guerlain-12\/#primaryimage\",\"url\":\"https:\/\/archibat.com\/blog\/wp-content\/uploads\/2015\/05\/Guerlain-parfums-2.jpg\",\"contentUrl\":\"https:\/\/archibat.com\/blog\/wp-content\/uploads\/2015\/05\/Guerlain-parfums-2.jpg\",\"width\":635,\"height\":357,\"caption\":\"designer chez Guerlain\"},{\"@type\":\"BreadcrumbList\",\"@id\":\"https:\/\/archibat.com\/blog\/portrait-dolivier-le-reun-designer-chez-guerlain-12\/#breadcrumb\",\"itemListElement\":[{\"@type\":\"ListItem\",\"position\":1,\"name\":\"Home\",\"item\":\"https:\/\/archibat.com\/blog\/\"},{\"@type\":\"ListItem\",\"position\":2,\"name\":\"Olivier le Reun : designer chez Guerlain 1\/2\"}]},{\"@type\":\"WebSite\",\"@id\":\"https:\/\/archibat.com\/blog\/#website\",\"url\":\"https:\/\/archibat.com\/blog\/\",\"name\":\"ArchiBat Mag\",\"description\":\"Vous souhaitez connaitre les derni\u00e8res actualit\u00e9s sur l\u2019Architecture, le Design ou les Ressources Humaines ? D\u00e9couvrez ArchiBat Mag, le magazine d\u00e9di\u00e9 aux m\u00e9tiers de l&#039;Architecture et de l&#039;Ing\u00e9nierie.\",\"potentialAction\":[{\"@type\":\"SearchAction\",\"target\":{\"@type\":\"EntryPoint\",\"urlTemplate\":\"https:\/\/archibat.com\/blog\/?s={search_term_string}\"},\"query-input\":{\"@type\":\"PropertyValueSpecification\",\"valueRequired\":true,\"valueName\":\"search_term_string\"}}],\"inLanguage\":\"fr-FR\"},{\"@type\":\"Person\",\"@id\":\"https:\/\/archibat.com\/blog\/#\/schema\/person\/c246f0d63b5e719c2cbe4f9bd494bf12\",\"name\":\"communication\"}]}<\/script>\n<!-- \/ Yoast SEO plugin. -->","yoast_head_json":{"title":"Olivier le Reun : designer chez Guerlain 1\/2 &#8211; ArchiBat Mag","description":"Le jeune designer chez Guerlain, en charge du merchandising au d\u00e9partement export de la marque, synth\u00e9tise toutes les singularit\u00e9s de son \u00e9poque. Portrait.","robots":{"index":"index","follow":"follow","max-snippet":"max-snippet:-1","max-image-preview":"max-image-preview:large","max-video-preview":"max-video-preview:-1"},"canonical":"https:\/\/archibat.com\/blog\/portrait-dolivier-le-reun-designer-chez-guerlain-12\/","og_locale":"fr_FR","og_type":"article","og_title":"Olivier le Reun : designer chez Guerlain 1\/2 &#8211; ArchiBat Mag","og_description":"Le jeune designer chez Guerlain, en charge du merchandising au d\u00e9partement export de la marque, synth\u00e9tise toutes les singularit\u00e9s de son \u00e9poque. Portrait.","og_url":"https:\/\/archibat.com\/blog\/portrait-dolivier-le-reun-designer-chez-guerlain-12\/","og_site_name":"ArchiBat Mag","article_published_time":"2015-05-26T18:08:39+00:00","article_modified_time":"2018-12-11T15:28:11+00:00","og_image":[{"width":635,"height":357,"url":"https:\/\/archibat.com\/blog\/wp-content\/uploads\/2015\/05\/Guerlain-parfums-2.jpg","type":"image\/jpeg"}],"author":"communication","twitter_card":"summary_large_image","twitter_misc":{"\u00c9crit par":"communication","Dur\u00e9e de lecture estim\u00e9e":"5 minutes"},"schema":{"@context":"https:\/\/schema.org","@graph":[{"@type":"WebPage","@id":"https:\/\/archibat.com\/blog\/portrait-dolivier-le-reun-designer-chez-guerlain-12\/","url":"https:\/\/archibat.com\/blog\/portrait-dolivier-le-reun-designer-chez-guerlain-12\/","name":"Olivier le Reun : designer chez Guerlain 1\/2 &#8211; ArchiBat Mag","isPartOf":{"@id":"https:\/\/archibat.com\/blog\/#website"},"primaryImageOfPage":{"@id":"https:\/\/archibat.com\/blog\/portrait-dolivier-le-reun-designer-chez-guerlain-12\/#primaryimage"},"image":{"@id":"https:\/\/archibat.com\/blog\/portrait-dolivier-le-reun-designer-chez-guerlain-12\/#primaryimage"},"thumbnailUrl":"https:\/\/archibat.com\/blog\/wp-content\/uploads\/2015\/05\/Guerlain-parfums-2.jpg","datePublished":"2015-05-26T18:08:39+00:00","dateModified":"2018-12-11T15:28:11+00:00","author":{"@id":"https:\/\/archibat.com\/blog\/#\/schema\/person\/c246f0d63b5e719c2cbe4f9bd494bf12"},"description":"Le jeune designer chez Guerlain, en charge du merchandising au d\u00e9partement export de la marque, synth\u00e9tise toutes les singularit\u00e9s de son \u00e9poque. Portrait.","breadcrumb":{"@id":"https:\/\/archibat.com\/blog\/portrait-dolivier-le-reun-designer-chez-guerlain-12\/#breadcrumb"},"inLanguage":"fr-FR","potentialAction":[{"@type":"ReadAction","target":["https:\/\/archibat.com\/blog\/portrait-dolivier-le-reun-designer-chez-guerlain-12\/"]}]},{"@type":"ImageObject","inLanguage":"fr-FR","@id":"https:\/\/archibat.com\/blog\/portrait-dolivier-le-reun-designer-chez-guerlain-12\/#primaryimage","url":"https:\/\/archibat.com\/blog\/wp-content\/uploads\/2015\/05\/Guerlain-parfums-2.jpg","contentUrl":"https:\/\/archibat.com\/blog\/wp-content\/uploads\/2015\/05\/Guerlain-parfums-2.jpg","width":635,"height":357,"caption":"designer chez Guerlain"},{"@type":"BreadcrumbList","@id":"https:\/\/archibat.com\/blog\/portrait-dolivier-le-reun-designer-chez-guerlain-12\/#breadcrumb","itemListElement":[{"@type":"ListItem","position":1,"name":"Home","item":"https:\/\/archibat.com\/blog\/"},{"@type":"ListItem","position":2,"name":"Olivier le Reun : designer chez Guerlain 1\/2"}]},{"@type":"WebSite","@id":"https:\/\/archibat.com\/blog\/#website","url":"https:\/\/archibat.com\/blog\/","name":"ArchiBat Mag","description":"Vous souhaitez connaitre les derni\u00e8res actualit\u00e9s sur l\u2019Architecture, le Design ou les Ressources Humaines ? D\u00e9couvrez ArchiBat Mag, le magazine d\u00e9di\u00e9 aux m\u00e9tiers de l&#039;Architecture et de l&#039;Ing\u00e9nierie.","potentialAction":[{"@type":"SearchAction","target":{"@type":"EntryPoint","urlTemplate":"https:\/\/archibat.com\/blog\/?s={search_term_string}"},"query-input":{"@type":"PropertyValueSpecification","valueRequired":true,"valueName":"search_term_string"}}],"inLanguage":"fr-FR"},{"@type":"Person","@id":"https:\/\/archibat.com\/blog\/#\/schema\/person\/c246f0d63b5e719c2cbe4f9bd494bf12","name":"communication"}]}},"_links":{"self":[{"href":"https:\/\/archibat.com\/blog\/wp-json\/wp\/v2\/posts\/778","targetHints":{"allow":["GET"]}}],"collection":[{"href":"https:\/\/archibat.com\/blog\/wp-json\/wp\/v2\/posts"}],"about":[{"href":"https:\/\/archibat.com\/blog\/wp-json\/wp\/v2\/types\/post"}],"author":[{"embeddable":true,"href":"https:\/\/archibat.com\/blog\/wp-json\/wp\/v2\/users\/2"}],"replies":[{"embeddable":true,"href":"https:\/\/archibat.com\/blog\/wp-json\/wp\/v2\/comments?post=778"}],"version-history":[{"count":2,"href":"https:\/\/archibat.com\/blog\/wp-json\/wp\/v2\/posts\/778\/revisions"}],"predecessor-version":[{"id":6350,"href":"https:\/\/archibat.com\/blog\/wp-json\/wp\/v2\/posts\/778\/revisions\/6350"}],"wp:featuredmedia":[{"embeddable":true,"href":"https:\/\/archibat.com\/blog\/wp-json\/wp\/v2\/media\/781"}],"wp:attachment":[{"href":"https:\/\/archibat.com\/blog\/wp-json\/wp\/v2\/media?parent=778"}],"wp:term":[{"taxonomy":"category","embeddable":true,"href":"https:\/\/archibat.com\/blog\/wp-json\/wp\/v2\/categories?post=778"},{"taxonomy":"post_tag","embeddable":true,"href":"https:\/\/archibat.com\/blog\/wp-json\/wp\/v2\/tags?post=778"}],"curies":[{"name":"wp","href":"https:\/\/api.w.org\/{rel}","templated":true}]}}