{"id":818,"date":"2015-06-12T08:04:56","date_gmt":"2015-06-12T07:04:56","guid":{"rendered":"https:\/\/www.archibat.com\/blog\/?p=818"},"modified":"2018-11-16T17:36:47","modified_gmt":"2018-11-16T16:36:47","slug":"tout-ce-que-vous-souhaitez-savoir-sur-la-marque-employeur-2","status":"publish","type":"post","link":"https:\/\/archibat.com\/blog\/tout-ce-que-vous-souhaitez-savoir-sur-la-marque-employeur-2\/","title":{"rendered":"Tout ce que vous souhaitez savoir sur la marque employeur"},"content":{"rendered":"<p>Le recrutement sur les r\u00e9seaux sociaux se g\u00e9n\u00e9ralisant, de plus en plus d&rsquo;entreprises d\u00e9veloppent d\u00e9sormais la communication de leur marque employeur, distincte de leur marque commerciale. Cette strat\u00e9gie de communication est destin\u00e9e \u00e0 attirer toujours plus de nouveaux talents et fid\u00e9liser les salari\u00e9s.<\/p>\n<h2>La marque employeur : qu&rsquo;est ce que c&rsquo;est ?<\/h2>\n<p><img loading=\"lazy\" decoding=\"async\" class=\"alignnone size-full wp-image-812\" src=\"https:\/\/www.archibat.com\/blog\/wp-content\/uploads\/2015\/06\/Infographie-Marque_Employeur_2013_-_LinkedIn-image-1-2.jpg\" alt=\"marque employeur\" width=\"635\" height=\"377\" srcset=\"https:\/\/archibat.com\/blog\/wp-content\/uploads\/2015\/06\/Infographie-Marque_Employeur_2013_-_LinkedIn-image-1-2.jpg 635w, https:\/\/archibat.com\/blog\/wp-content\/uploads\/2015\/06\/Infographie-Marque_Employeur_2013_-_LinkedIn-image-1-2-300x178.jpg 300w\" sizes=\"auto, (max-width: 635px) 100vw, 635px\" \/><\/p>\n<p>La marque employeur, ou en anglais \u201cemployeur branding\u201d, s&rsquo;est d\u00e9velopp\u00e9e avec l&rsquo;av\u00e8nement du web 2.0 et des r\u00e9seaux sociaux, transformant la relation entre les candidats et les recruteurs. Elle correspond \u00e0 l&rsquo;image d&rsquo;une entreprise \u00e0 l&rsquo;\u00e9gard des employ\u00e9s ou candidats. L&rsquo;entreprise doit chercher \u00e0 valoriser son image aupr\u00e8s de ses actuels et futurs collaborateurs. Il n&rsquo;est d\u00e9sormais plus possible d&rsquo;adopter une attitude passive sur les r\u00e9seaux sociaux. Pour attirer les meilleurs talents, le recruteur doit communiquer sur les valeurs de l&rsquo;entreprise, particuli\u00e8rement concernant les jeunes actifs, qui se montre exigeants sur la question. Cette d\u00e9marche n&rsquo;est pas r\u00e9serv\u00e9e aux grandes entreprises, 71 % des entreprises fran\u00e7aises consid\u00e8rent la marque employeur comme une priorit\u00e9\u00a0!<\/p>\n<h2>La marque employeur a-t-elle un impact sur les candidats et employ\u00e9s ?<\/h2>\n<p><img loading=\"lazy\" decoding=\"async\" class=\"alignnone size-full wp-image-814\" src=\"https:\/\/www.archibat.com\/blog\/wp-content\/uploads\/2015\/06\/illustration-marque-employeur-linkedin1-2.jpg\" alt=\"MARQUE EMPLOYEUR\" width=\"635\" height=\"355\" srcset=\"https:\/\/archibat.com\/blog\/wp-content\/uploads\/2015\/06\/illustration-marque-employeur-linkedin1-2.jpg 635w, https:\/\/archibat.com\/blog\/wp-content\/uploads\/2015\/06\/illustration-marque-employeur-linkedin1-2-300x168.jpg 300w\" sizes=\"auto, (max-width: 635px) 100vw, 635px\" \/><\/p>\n<p>Les jeunes actifs sont de plus en plus sensibles aux valeurs que peut v\u00e9hiculer l&rsquo;entreprise dans laquelle ils travaillent ou souhaiteraient travailler. Parmi les crit\u00e8res importants pour les candidats, figure selon l&rsquo;\u00e9tude de <a href=\"http:\/\/www.stepstone.fr\/b2b\/espace-recruteur\/nos-conseils-recrutement\/enquetes-internationales\/upload\/CR-Enquete-Marque-Employeur.pdf\" target=\"_blank\" rel=\"noopener\">Step Stone<\/a>, le cadre de travail, la clart\u00e9 des valeurs de l&rsquo;entreprise, les bonnes relations entre les salari\u00e9s et les managers, l&rsquo;\u00e9quilibre entre la vie priv\u00e9e et professionnelle et les opportunit\u00e9s de carri\u00e8re. Les salari\u00e9s quant \u00e0 eux, sont plus enclins \u00e0 participer au d\u00e9veloppement d&rsquo;une entreprise qui partage leurs valeurs. La communication de la marque employeur permet donc de donner du sens au management en interne.<\/p>\n<h2>Comment g\u00e9rer la communication de sa marque employeur ?<\/h2>\n<p>La marque employeur d\u2019une entreprise doit se construire. La simple pr\u00e9sence de l&rsquo;entreprise sur les r\u00e9seaux sociaux ne suffit pas pour attirer les candidats. Il est n\u00e9cessaire de travailler sur l&rsquo;identit\u00e9 de l&rsquo;entreprise, les valeurs qu&rsquo;elle souhaite v\u00e9hiculer et d&rsquo;en ressortir un message, une information \u00e0 donner. Le but \u00e9tant de r\u00e9pondre \u00e0 la question : pourquoi venir travailler chez nous ? Les strat\u00e9gies de communication de la marque employeur s&rsquo;appuie de plus en plus sur une d\u00e9marche d&rsquo;authenticit\u00e9. Les potentiels candidats ne sont que tr\u00e8s peu sensibles par exemple aux t\u00e9moignages \u00e9dulcor\u00e9s des employ\u00e9s de l&rsquo;entreprise, ou \u00e0 l&rsquo;\u00e9num\u00e9ration de valeurs classiques\u00a0: coh\u00e9sion, qualit\u00e9, excellence&#8230; Cette strat\u00e9gie de l&rsquo;authenticit\u00e9 permet d&rsquo;\u00e9viter les recrutements rat\u00e9s en s\u00e9lectionnant les candidats qui partagent la culture de l&rsquo;entreprise. C&rsquo;est la d\u00e9marque qu&rsquo;a choisi Uber, en rompant avec les codes classiques du t\u00e9moignage d&#8217;employ\u00e9. A voir en vid\u00e9o :<\/p>\n<p>https:\/\/www.youtube.com\/watch?v=WQtFIpUbbXk<\/p>\n<p><em><strong>Et vous, comment communiquez-vous sur votre marque employeur ?<\/strong><\/em><\/p>\n","protected":false},"excerpt":{"rendered":"<p>Le recrutement sur les r\u00e9seaux sociaux se g\u00e9n\u00e9ralisant, de plus en plus d&rsquo;entreprises d\u00e9veloppent d\u00e9sormais la communication de leur marque employeur, distincte de leur marque\u2026<\/p>\n","protected":false},"author":2,"featured_media":817,"comment_status":"closed","ping_status":"closed","sticky":false,"template":"","format":"standard","meta":{"_acf_changed":false,"footnotes":""},"categories":[4],"tags":[],"class_list":["post-818","post","type-post","status-publish","format-standard","has-post-thumbnail","hentry","category-ressources-humaines"],"acf":[],"yoast_head":"<!-- This site is optimized with the Yoast SEO plugin v24.8.1 - https:\/\/yoast.com\/wordpress\/plugins\/seo\/ -->\n<title>Tout ce que vous souhaitez savoir sur la marque employeur &#8211; ArchiBat Mag<\/title>\n<meta name=\"description\" content=\"Face \u00e0 la g\u00e9n\u00e9ralisation des r\u00e9seaux sociaux, les entreprises d\u00e9veloppent d\u00e9sormais la communication de leur marque employeur. Qu&#039;est ce que c&#039;est ? Comment\" \/>\n<meta name=\"robots\" content=\"index, follow, max-snippet:-1, max-image-preview:large, max-video-preview:-1\" \/>\n<link rel=\"canonical\" href=\"https:\/\/archibat.com\/blog\/tout-ce-que-vous-souhaitez-savoir-sur-la-marque-employeur-2\/\" \/>\n<meta property=\"og:locale\" content=\"fr_FR\" \/>\n<meta property=\"og:type\" content=\"article\" \/>\n<meta property=\"og:title\" content=\"Tout ce que vous souhaitez savoir sur la marque employeur &#8211; ArchiBat Mag\" \/>\n<meta property=\"og:description\" content=\"Face \u00e0 la g\u00e9n\u00e9ralisation des r\u00e9seaux sociaux, les entreprises d\u00e9veloppent d\u00e9sormais la communication de leur marque employeur. Qu&#039;est ce que c&#039;est ? Comment\" \/>\n<meta property=\"og:url\" content=\"https:\/\/archibat.com\/blog\/tout-ce-que-vous-souhaitez-savoir-sur-la-marque-employeur-2\/\" \/>\n<meta property=\"og:site_name\" content=\"ArchiBat Mag\" \/>\n<meta property=\"article:published_time\" content=\"2015-06-12T07:04:56+00:00\" \/>\n<meta property=\"article:modified_time\" content=\"2018-11-16T16:36:47+00:00\" \/>\n<meta property=\"og:image\" content=\"https:\/\/archibat.com\/blog\/wp-content\/uploads\/2015\/06\/MARQUE-2-2.jpg\" \/>\n\t<meta property=\"og:image:width\" content=\"635\" \/>\n\t<meta property=\"og:image:height\" content=\"357\" \/>\n\t<meta property=\"og:image:type\" content=\"image\/jpeg\" \/>\n<meta name=\"author\" content=\"communication\" \/>\n<meta name=\"twitter:card\" content=\"summary_large_image\" \/>\n<meta name=\"twitter:label1\" content=\"\u00c9crit par\" \/>\n\t<meta name=\"twitter:data1\" content=\"communication\" \/>\n\t<meta name=\"twitter:label2\" content=\"Dur\u00e9e de lecture estim\u00e9e\" \/>\n\t<meta name=\"twitter:data2\" content=\"2 minutes\" \/>\n<script type=\"application\/ld+json\" class=\"yoast-schema-graph\">{\"@context\":\"https:\/\/schema.org\",\"@graph\":[{\"@type\":\"WebPage\",\"@id\":\"https:\/\/archibat.com\/blog\/tout-ce-que-vous-souhaitez-savoir-sur-la-marque-employeur-2\/\",\"url\":\"https:\/\/archibat.com\/blog\/tout-ce-que-vous-souhaitez-savoir-sur-la-marque-employeur-2\/\",\"name\":\"Tout ce que vous souhaitez savoir sur la marque employeur &#8211; ArchiBat Mag\",\"isPartOf\":{\"@id\":\"https:\/\/archibat.com\/blog\/#website\"},\"primaryImageOfPage\":{\"@id\":\"https:\/\/archibat.com\/blog\/tout-ce-que-vous-souhaitez-savoir-sur-la-marque-employeur-2\/#primaryimage\"},\"image\":{\"@id\":\"https:\/\/archibat.com\/blog\/tout-ce-que-vous-souhaitez-savoir-sur-la-marque-employeur-2\/#primaryimage\"},\"thumbnailUrl\":\"https:\/\/archibat.com\/blog\/wp-content\/uploads\/2015\/06\/MARQUE-2-2.jpg\",\"datePublished\":\"2015-06-12T07:04:56+00:00\",\"dateModified\":\"2018-11-16T16:36:47+00:00\",\"author\":{\"@id\":\"https:\/\/archibat.com\/blog\/#\/schema\/person\/c246f0d63b5e719c2cbe4f9bd494bf12\"},\"description\":\"Face \u00e0 la g\u00e9n\u00e9ralisation des r\u00e9seaux sociaux, les entreprises d\u00e9veloppent d\u00e9sormais la communication de leur marque employeur. Qu'est ce que c'est ? Comment\",\"breadcrumb\":{\"@id\":\"https:\/\/archibat.com\/blog\/tout-ce-que-vous-souhaitez-savoir-sur-la-marque-employeur-2\/#breadcrumb\"},\"inLanguage\":\"fr-FR\",\"potentialAction\":[{\"@type\":\"ReadAction\",\"target\":[\"https:\/\/archibat.com\/blog\/tout-ce-que-vous-souhaitez-savoir-sur-la-marque-employeur-2\/\"]}]},{\"@type\":\"ImageObject\",\"inLanguage\":\"fr-FR\",\"@id\":\"https:\/\/archibat.com\/blog\/tout-ce-que-vous-souhaitez-savoir-sur-la-marque-employeur-2\/#primaryimage\",\"url\":\"https:\/\/archibat.com\/blog\/wp-content\/uploads\/2015\/06\/MARQUE-2-2.jpg\",\"contentUrl\":\"https:\/\/archibat.com\/blog\/wp-content\/uploads\/2015\/06\/MARQUE-2-2.jpg\",\"width\":635,\"height\":357,\"caption\":\"MARQUE EMPLOYEUR\"},{\"@type\":\"BreadcrumbList\",\"@id\":\"https:\/\/archibat.com\/blog\/tout-ce-que-vous-souhaitez-savoir-sur-la-marque-employeur-2\/#breadcrumb\",\"itemListElement\":[{\"@type\":\"ListItem\",\"position\":1,\"name\":\"Home\",\"item\":\"https:\/\/archibat.com\/blog\/\"},{\"@type\":\"ListItem\",\"position\":2,\"name\":\"Tout ce que vous souhaitez savoir sur la marque employeur\"}]},{\"@type\":\"WebSite\",\"@id\":\"https:\/\/archibat.com\/blog\/#website\",\"url\":\"https:\/\/archibat.com\/blog\/\",\"name\":\"ArchiBat Mag\",\"description\":\"Vous souhaitez connaitre les derni\u00e8res actualit\u00e9s sur l\u2019Architecture, le Design ou les Ressources Humaines ? D\u00e9couvrez ArchiBat Mag, le magazine d\u00e9di\u00e9 aux m\u00e9tiers de l&#039;Architecture et de l&#039;Ing\u00e9nierie.\",\"potentialAction\":[{\"@type\":\"SearchAction\",\"target\":{\"@type\":\"EntryPoint\",\"urlTemplate\":\"https:\/\/archibat.com\/blog\/?s={search_term_string}\"},\"query-input\":{\"@type\":\"PropertyValueSpecification\",\"valueRequired\":true,\"valueName\":\"search_term_string\"}}],\"inLanguage\":\"fr-FR\"},{\"@type\":\"Person\",\"@id\":\"https:\/\/archibat.com\/blog\/#\/schema\/person\/c246f0d63b5e719c2cbe4f9bd494bf12\",\"name\":\"communication\"}]}<\/script>\n<!-- \/ Yoast SEO plugin. -->","yoast_head_json":{"title":"Tout ce que vous souhaitez savoir sur la marque employeur &#8211; ArchiBat Mag","description":"Face \u00e0 la g\u00e9n\u00e9ralisation des r\u00e9seaux sociaux, les entreprises d\u00e9veloppent d\u00e9sormais la communication de leur marque employeur. Qu'est ce que c'est ? Comment","robots":{"index":"index","follow":"follow","max-snippet":"max-snippet:-1","max-image-preview":"max-image-preview:large","max-video-preview":"max-video-preview:-1"},"canonical":"https:\/\/archibat.com\/blog\/tout-ce-que-vous-souhaitez-savoir-sur-la-marque-employeur-2\/","og_locale":"fr_FR","og_type":"article","og_title":"Tout ce que vous souhaitez savoir sur la marque employeur &#8211; ArchiBat Mag","og_description":"Face \u00e0 la g\u00e9n\u00e9ralisation des r\u00e9seaux sociaux, les entreprises d\u00e9veloppent d\u00e9sormais la communication de leur marque employeur. Qu'est ce que c'est ? Comment","og_url":"https:\/\/archibat.com\/blog\/tout-ce-que-vous-souhaitez-savoir-sur-la-marque-employeur-2\/","og_site_name":"ArchiBat Mag","article_published_time":"2015-06-12T07:04:56+00:00","article_modified_time":"2018-11-16T16:36:47+00:00","og_image":[{"width":635,"height":357,"url":"https:\/\/archibat.com\/blog\/wp-content\/uploads\/2015\/06\/MARQUE-2-2.jpg","type":"image\/jpeg"}],"author":"communication","twitter_card":"summary_large_image","twitter_misc":{"\u00c9crit par":"communication","Dur\u00e9e de lecture estim\u00e9e":"2 minutes"},"schema":{"@context":"https:\/\/schema.org","@graph":[{"@type":"WebPage","@id":"https:\/\/archibat.com\/blog\/tout-ce-que-vous-souhaitez-savoir-sur-la-marque-employeur-2\/","url":"https:\/\/archibat.com\/blog\/tout-ce-que-vous-souhaitez-savoir-sur-la-marque-employeur-2\/","name":"Tout ce que vous souhaitez savoir sur la marque employeur &#8211; ArchiBat Mag","isPartOf":{"@id":"https:\/\/archibat.com\/blog\/#website"},"primaryImageOfPage":{"@id":"https:\/\/archibat.com\/blog\/tout-ce-que-vous-souhaitez-savoir-sur-la-marque-employeur-2\/#primaryimage"},"image":{"@id":"https:\/\/archibat.com\/blog\/tout-ce-que-vous-souhaitez-savoir-sur-la-marque-employeur-2\/#primaryimage"},"thumbnailUrl":"https:\/\/archibat.com\/blog\/wp-content\/uploads\/2015\/06\/MARQUE-2-2.jpg","datePublished":"2015-06-12T07:04:56+00:00","dateModified":"2018-11-16T16:36:47+00:00","author":{"@id":"https:\/\/archibat.com\/blog\/#\/schema\/person\/c246f0d63b5e719c2cbe4f9bd494bf12"},"description":"Face \u00e0 la g\u00e9n\u00e9ralisation des r\u00e9seaux sociaux, les entreprises d\u00e9veloppent d\u00e9sormais la communication de leur marque employeur. Qu'est ce que c'est ? Comment","breadcrumb":{"@id":"https:\/\/archibat.com\/blog\/tout-ce-que-vous-souhaitez-savoir-sur-la-marque-employeur-2\/#breadcrumb"},"inLanguage":"fr-FR","potentialAction":[{"@type":"ReadAction","target":["https:\/\/archibat.com\/blog\/tout-ce-que-vous-souhaitez-savoir-sur-la-marque-employeur-2\/"]}]},{"@type":"ImageObject","inLanguage":"fr-FR","@id":"https:\/\/archibat.com\/blog\/tout-ce-que-vous-souhaitez-savoir-sur-la-marque-employeur-2\/#primaryimage","url":"https:\/\/archibat.com\/blog\/wp-content\/uploads\/2015\/06\/MARQUE-2-2.jpg","contentUrl":"https:\/\/archibat.com\/blog\/wp-content\/uploads\/2015\/06\/MARQUE-2-2.jpg","width":635,"height":357,"caption":"MARQUE EMPLOYEUR"},{"@type":"BreadcrumbList","@id":"https:\/\/archibat.com\/blog\/tout-ce-que-vous-souhaitez-savoir-sur-la-marque-employeur-2\/#breadcrumb","itemListElement":[{"@type":"ListItem","position":1,"name":"Home","item":"https:\/\/archibat.com\/blog\/"},{"@type":"ListItem","position":2,"name":"Tout ce que vous souhaitez savoir sur la marque employeur"}]},{"@type":"WebSite","@id":"https:\/\/archibat.com\/blog\/#website","url":"https:\/\/archibat.com\/blog\/","name":"ArchiBat Mag","description":"Vous souhaitez connaitre les derni\u00e8res actualit\u00e9s sur l\u2019Architecture, le Design ou les Ressources Humaines ? D\u00e9couvrez ArchiBat Mag, le magazine d\u00e9di\u00e9 aux m\u00e9tiers de l&#039;Architecture et de l&#039;Ing\u00e9nierie.","potentialAction":[{"@type":"SearchAction","target":{"@type":"EntryPoint","urlTemplate":"https:\/\/archibat.com\/blog\/?s={search_term_string}"},"query-input":{"@type":"PropertyValueSpecification","valueRequired":true,"valueName":"search_term_string"}}],"inLanguage":"fr-FR"},{"@type":"Person","@id":"https:\/\/archibat.com\/blog\/#\/schema\/person\/c246f0d63b5e719c2cbe4f9bd494bf12","name":"communication"}]}},"_links":{"self":[{"href":"https:\/\/archibat.com\/blog\/wp-json\/wp\/v2\/posts\/818","targetHints":{"allow":["GET"]}}],"collection":[{"href":"https:\/\/archibat.com\/blog\/wp-json\/wp\/v2\/posts"}],"about":[{"href":"https:\/\/archibat.com\/blog\/wp-json\/wp\/v2\/types\/post"}],"author":[{"embeddable":true,"href":"https:\/\/archibat.com\/blog\/wp-json\/wp\/v2\/users\/2"}],"replies":[{"embeddable":true,"href":"https:\/\/archibat.com\/blog\/wp-json\/wp\/v2\/comments?post=818"}],"version-history":[{"count":3,"href":"https:\/\/archibat.com\/blog\/wp-json\/wp\/v2\/posts\/818\/revisions"}],"predecessor-version":[{"id":7655,"href":"https:\/\/archibat.com\/blog\/wp-json\/wp\/v2\/posts\/818\/revisions\/7655"}],"wp:featuredmedia":[{"embeddable":true,"href":"https:\/\/archibat.com\/blog\/wp-json\/wp\/v2\/media\/817"}],"wp:attachment":[{"href":"https:\/\/archibat.com\/blog\/wp-json\/wp\/v2\/media?parent=818"}],"wp:term":[{"taxonomy":"category","embeddable":true,"href":"https:\/\/archibat.com\/blog\/wp-json\/wp\/v2\/categories?post=818"},{"taxonomy":"post_tag","embeddable":true,"href":"https:\/\/archibat.com\/blog\/wp-json\/wp\/v2\/tags?post=818"}],"curies":[{"name":"wp","href":"https:\/\/api.w.org\/{rel}","templated":true}]}}