{"id":837,"date":"2015-06-16T08:30:15","date_gmt":"2015-06-16T06:30:15","guid":{"rendered":"https:\/\/www.archibat.com\/blog\/?p=837"},"modified":"2019-02-13T17:30:52","modified_gmt":"2019-02-13T16:30:52","slug":"le-jardin-denfants-ob-kindergarten-de-lagence-hibinosekkei-youji-no-shiro","status":"publish","type":"post","link":"https:\/\/archibat.com\/blog\/le-jardin-denfants-ob-kindergarten-de-lagence-hibinosekkei-youji-no-shiro\/","title":{"rendered":"Au Japon, une cr\u00e8che dessin\u00e9e \u00e0 hauteur d\u2019enfant"},"content":{"rendered":"<p>Con\u00e7u par le cabinet d&rsquo;architectes japonais HIBINOSEKKEI + Youji no Shiro, la cr\u00e8che OB Kindergarten est situ\u00e9e \u00e0 Nagasaki. Dessin\u00e9 enti\u00e8rement \u00e0 hauteur d&rsquo;enfant, la cr\u00e8che offre un terrain de jeu truff\u00e9 d&rsquo;activit\u00e9s.<\/p>\n<h2>Un parcours aventure au gr\u00e9 des humeurs de l&rsquo;enfant<\/h2>\n<p>Les architectes ont \u00e9galement encourag\u00e9 au maximum le d\u00e9placement des enfants en cr\u00e9ant des espaces diss\u00e9min\u00e9s sur un parcours de plusieurs d&rsquo;\u00e9tages au gr\u00e9 des humeurs des enfants. Ceux-ci peuvent ainsi se diriger vers la petite caverne, puis le tableau permettant de peindre sur le mur, pour ensuite profiter des nombreux livres \u00e0 disposition sur les \u00e9tag\u00e8res con\u00e7ues \u00e0 leur hauteur. Pour acc\u00e9der aux diff\u00e9rents niveaux, les enfants montent \u00e0 la corde, se font glisser le long d&rsquo;une barre ou escaladent un tunnel menant \u00e0 la terrasse sur le toit. L&rsquo;organisation de l&rsquo;espace favorise l&rsquo;activit\u00e9 physique des enfants et stimule leur attention.<\/p>\n<p><img loading=\"lazy\" decoding=\"async\" class=\"alignnone size-full wp-image-838\" src=\"https:\/\/www.archibat.com\/blog\/wp-content\/uploads\/2015\/06\/OB-KINDERGARTEN-IMAGE-1.jpg\" alt=\"OB KINDERGARTEN\" width=\"635\" height=\"696\" \/><\/p>\n<p><img loading=\"lazy\" decoding=\"async\" class=\"alignnone wp-image-840 size-full\" src=\"https:\/\/www.archibat.com\/blog\/wp-content\/uploads\/2015\/06\/OB-Image-2-bis.png\" alt=\"OB KINDERGARTEN\" width=\"635\" height=\"357\" \/><\/p>\n<h2>Un b\u00e2timent tourn\u00e9 vers la mer<\/h2>\n<p>Les architectes ont dessin\u00e9 le b\u00e2timent en privil\u00e9giant l&rsquo;ouverture sur la mer. La spacieuse caf\u00e9t\u00e9ria est prolong\u00e9e par une terrasse ext\u00e9rieure donnant sur le front de mer. Une mezzanine dot\u00e9e de baies vitr\u00e9es surplombe l&rsquo;espace de restauration. De plus, les enfants peuvent profiter d&rsquo;une vue \u00e0 360 degr\u00e9s sur le rooftop am\u00e9nag\u00e9 o\u00f9 un trampoline attend les joyeux bambins\u00a0!<\/p>\n<p><img loading=\"lazy\" decoding=\"async\" class=\"alignnone size-full wp-image-841\" src=\"https:\/\/www.archibat.com\/blog\/wp-content\/uploads\/2015\/06\/ob-image-3.jpg\" alt=\"OB KINDERGARTEN\" width=\"635\" height=\"357\" \/><\/p>\n<p><img loading=\"lazy\" decoding=\"async\" class=\"alignnone size-full wp-image-842\" src=\"https:\/\/www.archibat.com\/blog\/wp-content\/uploads\/2015\/06\/OB-KINDERGARTEN-IMAGE-4.jpg\" alt=\"OB KINDERGARTEN\" width=\"635\" height=\"406\" \/><\/p>\n<p><img loading=\"lazy\" decoding=\"async\" class=\"alignnone size-full wp-image-843\" src=\"https:\/\/www.archibat.com\/blog\/wp-content\/uploads\/2015\/06\/OB-IMAGE-5.png\" alt=\"OB KINDERGARTEN\" width=\"635\" height=\"357\" \/><\/p>\n<p><em><strong>On est tent\u00e9 de retomber en enfance pour investir ce terrain de jeu\u00a0! Pas vous\u00a0?<\/strong><\/em><\/p>\n","protected":false},"excerpt":{"rendered":"<p>Con\u00e7u par le cabinet d&rsquo;architectes japonais HIBINOSEKKEI + Youji no Shiro, la cr\u00e8che OB Kindergarten est situ\u00e9e \u00e0 Nagasaki. Dessin\u00e9 enti\u00e8rement \u00e0 hauteur d&rsquo;enfant, la\u2026<\/p>\n","protected":false},"author":2,"featured_media":844,"comment_status":"closed","ping_status":"closed","sticky":false,"template":"","format":"standard","meta":{"_acf_changed":false,"footnotes":""},"categories":[3],"tags":[1240,1821,2222,1228,2225],"class_list":["post-837","post","type-post","status-publish","format-standard","has-post-thumbnail","hentry","category-architecture-et-design","tag-architecture-2","tag-architecture-dinterieur","tag-creche","tag-design","tag-hibinosekkei-youji-no-shiro"],"acf":[],"yoast_head":"<!-- This site is optimized with the Yoast SEO plugin v24.8.1 - https:\/\/yoast.com\/wordpress\/plugins\/seo\/ -->\n<title>Au Japon, une cr\u00e8che dessin\u00e9e \u00e0 hauteur d\u2019enfant &#8211; ArchiBat Mag<\/title>\n<meta name=\"description\" content=\"Con\u00e7u par l&#039;agence japonaise HIBINOSEKKEI + Youji no Shiro, la cr\u00e8che OB Kindergarten a \u00e9t\u00e9 dessin\u00e9 \u00e0 hauteur d&#039;enfant et offre un terrain de jeu truff\u00e9 ...\" \/>\n<meta name=\"robots\" content=\"index, follow, max-snippet:-1, max-image-preview:large, max-video-preview:-1\" \/>\n<link rel=\"canonical\" href=\"https:\/\/archibat.com\/blog\/le-jardin-denfants-ob-kindergarten-de-lagence-hibinosekkei-youji-no-shiro\/\" \/>\n<meta property=\"og:locale\" content=\"fr_FR\" \/>\n<meta property=\"og:type\" content=\"article\" \/>\n<meta property=\"og:title\" content=\"Au Japon, une cr\u00e8che dessin\u00e9e \u00e0 hauteur d\u2019enfant &#8211; ArchiBat Mag\" \/>\n<meta property=\"og:description\" content=\"Con\u00e7u par l&#039;agence japonaise HIBINOSEKKEI + Youji no Shiro, la cr\u00e8che OB Kindergarten a \u00e9t\u00e9 dessin\u00e9 \u00e0 hauteur d&#039;enfant et offre un terrain de jeu truff\u00e9 ...\" \/>\n<meta property=\"og:url\" content=\"https:\/\/archibat.com\/blog\/le-jardin-denfants-ob-kindergarten-de-lagence-hibinosekkei-youji-no-shiro\/\" \/>\n<meta property=\"og:site_name\" content=\"ArchiBat Mag\" \/>\n<meta property=\"article:published_time\" content=\"2015-06-16T06:30:15+00:00\" \/>\n<meta property=\"article:modified_time\" content=\"2019-02-13T16:30:52+00:00\" \/>\n<meta property=\"og:image\" content=\"https:\/\/archibat.com\/blog\/wp-content\/uploads\/2015\/06\/OB-Kindergarten-image-de-couverture-finale-3.jpg\" \/>\n\t<meta property=\"og:image:width\" content=\"818\" \/>\n\t<meta property=\"og:image:height\" content=\"546\" \/>\n\t<meta property=\"og:image:type\" content=\"image\/jpeg\" \/>\n<meta name=\"author\" content=\"communication\" \/>\n<meta name=\"twitter:card\" content=\"summary_large_image\" \/>\n<meta name=\"twitter:label1\" content=\"\u00c9crit par\" \/>\n\t<meta name=\"twitter:data1\" content=\"communication\" \/>\n\t<meta name=\"twitter:label2\" content=\"Dur\u00e9e de lecture estim\u00e9e\" \/>\n\t<meta name=\"twitter:data2\" content=\"1 minute\" \/>\n<script type=\"application\/ld+json\" class=\"yoast-schema-graph\">{\"@context\":\"https:\/\/schema.org\",\"@graph\":[{\"@type\":\"WebPage\",\"@id\":\"https:\/\/archibat.com\/blog\/le-jardin-denfants-ob-kindergarten-de-lagence-hibinosekkei-youji-no-shiro\/\",\"url\":\"https:\/\/archibat.com\/blog\/le-jardin-denfants-ob-kindergarten-de-lagence-hibinosekkei-youji-no-shiro\/\",\"name\":\"Au Japon, une cr\u00e8che dessin\u00e9e \u00e0 hauteur d\u2019enfant &#8211; ArchiBat Mag\",\"isPartOf\":{\"@id\":\"https:\/\/archibat.com\/blog\/#website\"},\"primaryImageOfPage\":{\"@id\":\"https:\/\/archibat.com\/blog\/le-jardin-denfants-ob-kindergarten-de-lagence-hibinosekkei-youji-no-shiro\/#primaryimage\"},\"image\":{\"@id\":\"https:\/\/archibat.com\/blog\/le-jardin-denfants-ob-kindergarten-de-lagence-hibinosekkei-youji-no-shiro\/#primaryimage\"},\"thumbnailUrl\":\"https:\/\/archibat.com\/blog\/wp-content\/uploads\/2015\/06\/OB-Kindergarten-image-de-couverture-finale-3.jpg\",\"datePublished\":\"2015-06-16T06:30:15+00:00\",\"dateModified\":\"2019-02-13T16:30:52+00:00\",\"author\":{\"@id\":\"https:\/\/archibat.com\/blog\/#\/schema\/person\/c246f0d63b5e719c2cbe4f9bd494bf12\"},\"description\":\"Con\u00e7u par l'agence japonaise HIBINOSEKKEI + Youji no Shiro, la cr\u00e8che OB Kindergarten a \u00e9t\u00e9 dessin\u00e9 \u00e0 hauteur d'enfant et offre un terrain de jeu truff\u00e9 ...\",\"breadcrumb\":{\"@id\":\"https:\/\/archibat.com\/blog\/le-jardin-denfants-ob-kindergarten-de-lagence-hibinosekkei-youji-no-shiro\/#breadcrumb\"},\"inLanguage\":\"fr-FR\",\"potentialAction\":[{\"@type\":\"ReadAction\",\"target\":[\"https:\/\/archibat.com\/blog\/le-jardin-denfants-ob-kindergarten-de-lagence-hibinosekkei-youji-no-shiro\/\"]}]},{\"@type\":\"ImageObject\",\"inLanguage\":\"fr-FR\",\"@id\":\"https:\/\/archibat.com\/blog\/le-jardin-denfants-ob-kindergarten-de-lagence-hibinosekkei-youji-no-shiro\/#primaryimage\",\"url\":\"https:\/\/archibat.com\/blog\/wp-content\/uploads\/2015\/06\/OB-Kindergarten-image-de-couverture-finale-3.jpg\",\"contentUrl\":\"https:\/\/archibat.com\/blog\/wp-content\/uploads\/2015\/06\/OB-Kindergarten-image-de-couverture-finale-3.jpg\",\"width\":818,\"height\":546,\"caption\":\"OB KINDERGARTEN\"},{\"@type\":\"BreadcrumbList\",\"@id\":\"https:\/\/archibat.com\/blog\/le-jardin-denfants-ob-kindergarten-de-lagence-hibinosekkei-youji-no-shiro\/#breadcrumb\",\"itemListElement\":[{\"@type\":\"ListItem\",\"position\":1,\"name\":\"Home\",\"item\":\"https:\/\/archibat.com\/blog\/\"},{\"@type\":\"ListItem\",\"position\":2,\"name\":\"Au Japon, une cr\u00e8che dessin\u00e9e \u00e0 hauteur d\u2019enfant\"}]},{\"@type\":\"WebSite\",\"@id\":\"https:\/\/archibat.com\/blog\/#website\",\"url\":\"https:\/\/archibat.com\/blog\/\",\"name\":\"ArchiBat Mag\",\"description\":\"Vous souhaitez connaitre les derni\u00e8res actualit\u00e9s sur l\u2019Architecture, le Design ou les Ressources Humaines ? D\u00e9couvrez ArchiBat Mag, le magazine d\u00e9di\u00e9 aux m\u00e9tiers de l&#039;Architecture et de l&#039;Ing\u00e9nierie.\",\"potentialAction\":[{\"@type\":\"SearchAction\",\"target\":{\"@type\":\"EntryPoint\",\"urlTemplate\":\"https:\/\/archibat.com\/blog\/?s={search_term_string}\"},\"query-input\":{\"@type\":\"PropertyValueSpecification\",\"valueRequired\":true,\"valueName\":\"search_term_string\"}}],\"inLanguage\":\"fr-FR\"},{\"@type\":\"Person\",\"@id\":\"https:\/\/archibat.com\/blog\/#\/schema\/person\/c246f0d63b5e719c2cbe4f9bd494bf12\",\"name\":\"communication\"}]}<\/script>\n<!-- \/ Yoast SEO plugin. -->","yoast_head_json":{"title":"Au Japon, une cr\u00e8che dessin\u00e9e \u00e0 hauteur d\u2019enfant &#8211; ArchiBat Mag","description":"Con\u00e7u par l'agence japonaise HIBINOSEKKEI + Youji no Shiro, la cr\u00e8che OB Kindergarten a \u00e9t\u00e9 dessin\u00e9 \u00e0 hauteur d'enfant et offre un terrain de jeu truff\u00e9 ...","robots":{"index":"index","follow":"follow","max-snippet":"max-snippet:-1","max-image-preview":"max-image-preview:large","max-video-preview":"max-video-preview:-1"},"canonical":"https:\/\/archibat.com\/blog\/le-jardin-denfants-ob-kindergarten-de-lagence-hibinosekkei-youji-no-shiro\/","og_locale":"fr_FR","og_type":"article","og_title":"Au Japon, une cr\u00e8che dessin\u00e9e \u00e0 hauteur d\u2019enfant &#8211; ArchiBat Mag","og_description":"Con\u00e7u par l'agence japonaise HIBINOSEKKEI + Youji no Shiro, la cr\u00e8che OB Kindergarten a \u00e9t\u00e9 dessin\u00e9 \u00e0 hauteur d'enfant et offre un terrain de jeu truff\u00e9 ...","og_url":"https:\/\/archibat.com\/blog\/le-jardin-denfants-ob-kindergarten-de-lagence-hibinosekkei-youji-no-shiro\/","og_site_name":"ArchiBat Mag","article_published_time":"2015-06-16T06:30:15+00:00","article_modified_time":"2019-02-13T16:30:52+00:00","og_image":[{"width":818,"height":546,"url":"https:\/\/archibat.com\/blog\/wp-content\/uploads\/2015\/06\/OB-Kindergarten-image-de-couverture-finale-3.jpg","type":"image\/jpeg"}],"author":"communication","twitter_card":"summary_large_image","twitter_misc":{"\u00c9crit par":"communication","Dur\u00e9e de lecture estim\u00e9e":"1 minute"},"schema":{"@context":"https:\/\/schema.org","@graph":[{"@type":"WebPage","@id":"https:\/\/archibat.com\/blog\/le-jardin-denfants-ob-kindergarten-de-lagence-hibinosekkei-youji-no-shiro\/","url":"https:\/\/archibat.com\/blog\/le-jardin-denfants-ob-kindergarten-de-lagence-hibinosekkei-youji-no-shiro\/","name":"Au Japon, une cr\u00e8che dessin\u00e9e \u00e0 hauteur d\u2019enfant &#8211; ArchiBat Mag","isPartOf":{"@id":"https:\/\/archibat.com\/blog\/#website"},"primaryImageOfPage":{"@id":"https:\/\/archibat.com\/blog\/le-jardin-denfants-ob-kindergarten-de-lagence-hibinosekkei-youji-no-shiro\/#primaryimage"},"image":{"@id":"https:\/\/archibat.com\/blog\/le-jardin-denfants-ob-kindergarten-de-lagence-hibinosekkei-youji-no-shiro\/#primaryimage"},"thumbnailUrl":"https:\/\/archibat.com\/blog\/wp-content\/uploads\/2015\/06\/OB-Kindergarten-image-de-couverture-finale-3.jpg","datePublished":"2015-06-16T06:30:15+00:00","dateModified":"2019-02-13T16:30:52+00:00","author":{"@id":"https:\/\/archibat.com\/blog\/#\/schema\/person\/c246f0d63b5e719c2cbe4f9bd494bf12"},"description":"Con\u00e7u par l'agence japonaise HIBINOSEKKEI + Youji no Shiro, la cr\u00e8che OB Kindergarten a \u00e9t\u00e9 dessin\u00e9 \u00e0 hauteur d'enfant et offre un terrain de jeu truff\u00e9 ...","breadcrumb":{"@id":"https:\/\/archibat.com\/blog\/le-jardin-denfants-ob-kindergarten-de-lagence-hibinosekkei-youji-no-shiro\/#breadcrumb"},"inLanguage":"fr-FR","potentialAction":[{"@type":"ReadAction","target":["https:\/\/archibat.com\/blog\/le-jardin-denfants-ob-kindergarten-de-lagence-hibinosekkei-youji-no-shiro\/"]}]},{"@type":"ImageObject","inLanguage":"fr-FR","@id":"https:\/\/archibat.com\/blog\/le-jardin-denfants-ob-kindergarten-de-lagence-hibinosekkei-youji-no-shiro\/#primaryimage","url":"https:\/\/archibat.com\/blog\/wp-content\/uploads\/2015\/06\/OB-Kindergarten-image-de-couverture-finale-3.jpg","contentUrl":"https:\/\/archibat.com\/blog\/wp-content\/uploads\/2015\/06\/OB-Kindergarten-image-de-couverture-finale-3.jpg","width":818,"height":546,"caption":"OB KINDERGARTEN"},{"@type":"BreadcrumbList","@id":"https:\/\/archibat.com\/blog\/le-jardin-denfants-ob-kindergarten-de-lagence-hibinosekkei-youji-no-shiro\/#breadcrumb","itemListElement":[{"@type":"ListItem","position":1,"name":"Home","item":"https:\/\/archibat.com\/blog\/"},{"@type":"ListItem","position":2,"name":"Au Japon, une cr\u00e8che dessin\u00e9e \u00e0 hauteur d\u2019enfant"}]},{"@type":"WebSite","@id":"https:\/\/archibat.com\/blog\/#website","url":"https:\/\/archibat.com\/blog\/","name":"ArchiBat Mag","description":"Vous souhaitez connaitre les derni\u00e8res actualit\u00e9s sur l\u2019Architecture, le Design ou les Ressources Humaines ? D\u00e9couvrez ArchiBat Mag, le magazine d\u00e9di\u00e9 aux m\u00e9tiers de l&#039;Architecture et de l&#039;Ing\u00e9nierie.","potentialAction":[{"@type":"SearchAction","target":{"@type":"EntryPoint","urlTemplate":"https:\/\/archibat.com\/blog\/?s={search_term_string}"},"query-input":{"@type":"PropertyValueSpecification","valueRequired":true,"valueName":"search_term_string"}}],"inLanguage":"fr-FR"},{"@type":"Person","@id":"https:\/\/archibat.com\/blog\/#\/schema\/person\/c246f0d63b5e719c2cbe4f9bd494bf12","name":"communication"}]}},"_links":{"self":[{"href":"https:\/\/archibat.com\/blog\/wp-json\/wp\/v2\/posts\/837","targetHints":{"allow":["GET"]}}],"collection":[{"href":"https:\/\/archibat.com\/blog\/wp-json\/wp\/v2\/posts"}],"about":[{"href":"https:\/\/archibat.com\/blog\/wp-json\/wp\/v2\/types\/post"}],"author":[{"embeddable":true,"href":"https:\/\/archibat.com\/blog\/wp-json\/wp\/v2\/users\/2"}],"replies":[{"embeddable":true,"href":"https:\/\/archibat.com\/blog\/wp-json\/wp\/v2\/comments?post=837"}],"version-history":[{"count":4,"href":"https:\/\/archibat.com\/blog\/wp-json\/wp\/v2\/posts\/837\/revisions"}],"predecessor-version":[{"id":7650,"href":"https:\/\/archibat.com\/blog\/wp-json\/wp\/v2\/posts\/837\/revisions\/7650"}],"wp:featuredmedia":[{"embeddable":true,"href":"https:\/\/archibat.com\/blog\/wp-json\/wp\/v2\/media\/844"}],"wp:attachment":[{"href":"https:\/\/archibat.com\/blog\/wp-json\/wp\/v2\/media?parent=837"}],"wp:term":[{"taxonomy":"category","embeddable":true,"href":"https:\/\/archibat.com\/blog\/wp-json\/wp\/v2\/categories?post=837"},{"taxonomy":"post_tag","embeddable":true,"href":"https:\/\/archibat.com\/blog\/wp-json\/wp\/v2\/tags?post=837"}],"curies":[{"name":"wp","href":"https:\/\/api.w.org\/{rel}","templated":true}]}}