{"id":8755,"date":"2018-12-21T12:50:07","date_gmt":"2018-12-21T11:50:07","guid":{"rendered":"https:\/\/www.archibat.com\/blog\/?p=8755"},"modified":"2018-12-21T12:50:07","modified_gmt":"2018-12-21T11:50:07","slug":"le-brouillard-relaxant-du-vase-nebl","status":"publish","type":"post","link":"https:\/\/archibat.com\/blog\/le-brouillard-relaxant-du-vase-nebl\/","title":{"rendered":"Le brouillard relaxant du vase Nebl"},"content":{"rendered":"<p>Voici une pi\u00e8ce assez originale, le vase Nebl. Id\u00e9alement con\u00e7u pour des int\u00e9rieurs design et minimalistes, ce vase\/terrarium reproduit une sorte de brouillard sous sa cloche. Produit par un studio berlinois nomm\u00e9 Rem, ce vase sortant de l&rsquo;ordinaire est constitu\u00e9 d\u2019un verre semi-translucide qui donne l\u2019illusion que les plantes sont envelopp\u00e9es d\u2019un \u00e9pais brouillard.<\/p>\n<p><img loading=\"lazy\" decoding=\"async\" class=\"alignnone wp-image-8812\" src=\"https:\/\/www.archibat.com\/blog\/wp-content\/uploads\/2018\/12\/studio-rem-journaldudesign-01-tt-width-620-height-930-lazyload-0-crop-1-bgcolor-000000-except_gif-1-320x480.jpg\" alt=\"\" width=\"700\" height=\"1050\" srcset=\"https:\/\/archibat.com\/blog\/wp-content\/uploads\/2018\/12\/studio-rem-journaldudesign-01-tt-width-620-height-930-lazyload-0-crop-1-bgcolor-000000-except_gif-1-320x480.jpg 320w, https:\/\/archibat.com\/blog\/wp-content\/uploads\/2018\/12\/studio-rem-journaldudesign-01-tt-width-620-height-930-lazyload-0-crop-1-bgcolor-000000-except_gif-1-200x300.jpg 200w, https:\/\/archibat.com\/blog\/wp-content\/uploads\/2018\/12\/studio-rem-journaldudesign-01-tt-width-620-height-930-lazyload-0-crop-1-bgcolor-000000-except_gif-1.jpg 620w\" sizes=\"auto, (max-width: 700px) 100vw, 700px\" \/><\/p>\n<p>La base du vase est en c\u00e9ramique dans laquelle la plante est plac\u00e9e et le bocal l\u2019entourant est en verre givr\u00e9 souffl\u00e9 \u00e0 la bouche constitu\u00e9 de deux ouvertures, de taille diff\u00e9rente, permettant de positionner le bocal de deux fa\u00e7ons sur la base.<\/p>\n<p><img loading=\"lazy\" decoding=\"async\" class=\"alignnone wp-image-8814\" src=\"https:\/\/www.archibat.com\/blog\/wp-content\/uploads\/2018\/12\/studio-rem-journaldudesign-02-tt-width-620-height-930-lazyload-0-crop-1-bgcolor-000000-except_gif-1-320x480.jpg\" alt=\"\" width=\"700\" height=\"1050\" srcset=\"https:\/\/archibat.com\/blog\/wp-content\/uploads\/2018\/12\/studio-rem-journaldudesign-02-tt-width-620-height-930-lazyload-0-crop-1-bgcolor-000000-except_gif-1-320x480.jpg 320w, https:\/\/archibat.com\/blog\/wp-content\/uploads\/2018\/12\/studio-rem-journaldudesign-02-tt-width-620-height-930-lazyload-0-crop-1-bgcolor-000000-except_gif-1-200x300.jpg 200w, https:\/\/archibat.com\/blog\/wp-content\/uploads\/2018\/12\/studio-rem-journaldudesign-02-tt-width-620-height-930-lazyload-0-crop-1-bgcolor-000000-except_gif-1.jpg 620w\" sizes=\"auto, (max-width: 700px) 100vw, 700px\" \/><\/p>\n<p>Nebl est un d\u00e9riv\u00e9 du mot germanique Nebel, qui signifie tout simplement brouillard. Michael Rem, le designer \u00e0 l\u2019origine de ce vase a voulu retranscrire ce sentiment de paix et de calme que peut procurer le brouillard quand il recouvre des \u00e9l\u00e9ments de la nature. Loin d\u2019\u00eatre une image fantasmagorique, le vase Nebl s\u2019av\u00e8re po\u00e9tique et relaxant.<\/p>\n<p><img loading=\"lazy\" decoding=\"async\" class=\"alignnone wp-image-8816\" src=\"https:\/\/www.archibat.com\/blog\/wp-content\/uploads\/2018\/12\/studio-rem-journaldudesign-03-tt-width-620-height-930-lazyload-0-crop-1-bgcolor-000000-except_gif-1-320x480.jpg\" alt=\"\" width=\"700\" height=\"1050\" srcset=\"https:\/\/archibat.com\/blog\/wp-content\/uploads\/2018\/12\/studio-rem-journaldudesign-03-tt-width-620-height-930-lazyload-0-crop-1-bgcolor-000000-except_gif-1-320x480.jpg 320w, https:\/\/archibat.com\/blog\/wp-content\/uploads\/2018\/12\/studio-rem-journaldudesign-03-tt-width-620-height-930-lazyload-0-crop-1-bgcolor-000000-except_gif-1-200x300.jpg 200w, https:\/\/archibat.com\/blog\/wp-content\/uploads\/2018\/12\/studio-rem-journaldudesign-03-tt-width-620-height-930-lazyload-0-crop-1-bgcolor-000000-except_gif-1.jpg 620w\" sizes=\"auto, (max-width: 700px) 100vw, 700px\" \/><\/p>\n<p>\u00ab Chez studio Rem, notre passion pour le design se traduit par le plaisir de raconter des histoires avec nos produits.\u00a0Histoires d&rsquo;un monde fascinant rempli d\u2019effets magnifiques, de forces, de constructions, cach\u00e9s dans notre vie quotidienne \u00bb.<\/p>\n<p><img loading=\"lazy\" decoding=\"async\" class=\"alignnone wp-image-8818\" src=\"https:\/\/www.archibat.com\/blog\/wp-content\/uploads\/2018\/12\/studio-rem-journaldudesign-04-tt-width-620-height-930-lazyload-0-crop-1-bgcolor-000000-except_gif-1-320x480.jpg\" alt=\"\" width=\"700\" height=\"1050\" srcset=\"https:\/\/archibat.com\/blog\/wp-content\/uploads\/2018\/12\/studio-rem-journaldudesign-04-tt-width-620-height-930-lazyload-0-crop-1-bgcolor-000000-except_gif-1-320x480.jpg 320w, https:\/\/archibat.com\/blog\/wp-content\/uploads\/2018\/12\/studio-rem-journaldudesign-04-tt-width-620-height-930-lazyload-0-crop-1-bgcolor-000000-except_gif-1-200x300.jpg 200w, https:\/\/archibat.com\/blog\/wp-content\/uploads\/2018\/12\/studio-rem-journaldudesign-04-tt-width-620-height-930-lazyload-0-crop-1-bgcolor-000000-except_gif-1.jpg 620w\" sizes=\"auto, (max-width: 700px) 100vw, 700px\" \/><\/p>\n<p><img loading=\"lazy\" decoding=\"async\" class=\"alignnone wp-image-8820\" src=\"https:\/\/www.archibat.com\/blog\/wp-content\/uploads\/2018\/12\/studio-rem-journaldudesign-05-tt-width-620-height-930-lazyload-0-crop-1-bgcolor-000000-except_gif-1-320x480.jpg\" alt=\"\" width=\"700\" height=\"1050\" srcset=\"https:\/\/archibat.com\/blog\/wp-content\/uploads\/2018\/12\/studio-rem-journaldudesign-05-tt-width-620-height-930-lazyload-0-crop-1-bgcolor-000000-except_gif-1-320x480.jpg 320w, https:\/\/archibat.com\/blog\/wp-content\/uploads\/2018\/12\/studio-rem-journaldudesign-05-tt-width-620-height-930-lazyload-0-crop-1-bgcolor-000000-except_gif-1-200x300.jpg 200w, https:\/\/archibat.com\/blog\/wp-content\/uploads\/2018\/12\/studio-rem-journaldudesign-05-tt-width-620-height-930-lazyload-0-crop-1-bgcolor-000000-except_gif-1.jpg 620w\" sizes=\"auto, (max-width: 700px) 100vw, 700px\" \/><\/p>\n","protected":false},"excerpt":{"rendered":"<p>Voici une pi\u00e8ce assez originale, le vase Nebl. Id\u00e9alement con\u00e7u pour des int\u00e9rieurs design et minimalistes, ce vase\/terrarium reproduit une sorte de brouillard sous sa\u2026<\/p>\n","protected":false},"author":2,"featured_media":8810,"comment_status":"closed","ping_status":"closed","sticky":false,"template":"","format":"standard","meta":{"_acf_changed":false,"footnotes":""},"categories":[3],"tags":[1240,1821,1958,1228,2188,2187],"class_list":["post-8755","post","type-post","status-publish","format-standard","has-post-thumbnail","hentry","category-architecture-et-design","tag-architecture-2","tag-architecture-dinterieur","tag-decoration","tag-design","tag-rem","tag-vase-nebl"],"acf":[],"yoast_head":"<!-- This site is optimized with the Yoast SEO plugin v24.8.1 - https:\/\/yoast.com\/wordpress\/plugins\/seo\/ -->\n<title>Le brouillard relaxant du vase Nebl &#8211; ArchiBat Mag<\/title>\n<meta name=\"description\" content=\"Ce vase sortant de l&#039;ordinaire est constitu\u00e9 d\u2019un verre qui donne l\u2019illusion que les plantes sont envelopp\u00e9es d\u2019un \u00e9pais brouillard.\" \/>\n<meta name=\"robots\" content=\"index, follow, max-snippet:-1, max-image-preview:large, max-video-preview:-1\" \/>\n<link rel=\"canonical\" href=\"https:\/\/archibat.com\/blog\/le-brouillard-relaxant-du-vase-nebl\/\" \/>\n<meta property=\"og:locale\" content=\"fr_FR\" \/>\n<meta property=\"og:type\" content=\"article\" \/>\n<meta property=\"og:title\" content=\"Le brouillard relaxant du vase Nebl &#8211; ArchiBat Mag\" \/>\n<meta property=\"og:description\" content=\"Ce vase sortant de l&#039;ordinaire est constitu\u00e9 d\u2019un verre qui donne l\u2019illusion que les plantes sont envelopp\u00e9es d\u2019un \u00e9pais brouillard.\" \/>\n<meta property=\"og:url\" content=\"https:\/\/archibat.com\/blog\/le-brouillard-relaxant-du-vase-nebl\/\" \/>\n<meta property=\"og:site_name\" content=\"ArchiBat Mag\" \/>\n<meta property=\"article:published_time\" content=\"2018-12-21T11:50:07+00:00\" \/>\n<meta property=\"og:image\" content=\"https:\/\/archibat.com\/blog\/wp-content\/uploads\/2018\/12\/studio-rem-journaldudesign-06-tt-width-620-height-930-lazyload-0-crop-1-bgcolor-000000-except_gif-1-e1545392671361.jpg\" \/>\n\t<meta property=\"og:image:width\" content=\"620\" \/>\n\t<meta property=\"og:image:height\" content=\"483\" \/>\n\t<meta property=\"og:image:type\" content=\"image\/jpeg\" \/>\n<meta name=\"author\" content=\"communication\" \/>\n<meta name=\"twitter:card\" content=\"summary_large_image\" \/>\n<meta name=\"twitter:label1\" content=\"\u00c9crit par\" \/>\n\t<meta name=\"twitter:data1\" content=\"communication\" \/>\n\t<meta name=\"twitter:label2\" content=\"Dur\u00e9e de lecture estim\u00e9e\" \/>\n\t<meta name=\"twitter:data2\" content=\"1 minute\" \/>\n<script type=\"application\/ld+json\" class=\"yoast-schema-graph\">{\"@context\":\"https:\/\/schema.org\",\"@graph\":[{\"@type\":\"WebPage\",\"@id\":\"https:\/\/archibat.com\/blog\/le-brouillard-relaxant-du-vase-nebl\/\",\"url\":\"https:\/\/archibat.com\/blog\/le-brouillard-relaxant-du-vase-nebl\/\",\"name\":\"Le brouillard relaxant du vase Nebl &#8211; ArchiBat Mag\",\"isPartOf\":{\"@id\":\"https:\/\/archibat.com\/blog\/#website\"},\"primaryImageOfPage\":{\"@id\":\"https:\/\/archibat.com\/blog\/le-brouillard-relaxant-du-vase-nebl\/#primaryimage\"},\"image\":{\"@id\":\"https:\/\/archibat.com\/blog\/le-brouillard-relaxant-du-vase-nebl\/#primaryimage\"},\"thumbnailUrl\":\"https:\/\/archibat.com\/blog\/wp-content\/uploads\/2018\/12\/studio-rem-journaldudesign-06-tt-width-620-height-930-lazyload-0-crop-1-bgcolor-000000-except_gif-1-e1545392671361.jpg\",\"datePublished\":\"2018-12-21T11:50:07+00:00\",\"author\":{\"@id\":\"https:\/\/archibat.com\/blog\/#\/schema\/person\/c246f0d63b5e719c2cbe4f9bd494bf12\"},\"description\":\"Ce vase sortant de l'ordinaire est constitu\u00e9 d\u2019un verre qui donne l\u2019illusion que les plantes sont envelopp\u00e9es d\u2019un \u00e9pais brouillard.\",\"breadcrumb\":{\"@id\":\"https:\/\/archibat.com\/blog\/le-brouillard-relaxant-du-vase-nebl\/#breadcrumb\"},\"inLanguage\":\"fr-FR\",\"potentialAction\":[{\"@type\":\"ReadAction\",\"target\":[\"https:\/\/archibat.com\/blog\/le-brouillard-relaxant-du-vase-nebl\/\"]}]},{\"@type\":\"ImageObject\",\"inLanguage\":\"fr-FR\",\"@id\":\"https:\/\/archibat.com\/blog\/le-brouillard-relaxant-du-vase-nebl\/#primaryimage\",\"url\":\"https:\/\/archibat.com\/blog\/wp-content\/uploads\/2018\/12\/studio-rem-journaldudesign-06-tt-width-620-height-930-lazyload-0-crop-1-bgcolor-000000-except_gif-1-e1545392671361.jpg\",\"contentUrl\":\"https:\/\/archibat.com\/blog\/wp-content\/uploads\/2018\/12\/studio-rem-journaldudesign-06-tt-width-620-height-930-lazyload-0-crop-1-bgcolor-000000-except_gif-1-e1545392671361.jpg\",\"width\":620,\"height\":483},{\"@type\":\"BreadcrumbList\",\"@id\":\"https:\/\/archibat.com\/blog\/le-brouillard-relaxant-du-vase-nebl\/#breadcrumb\",\"itemListElement\":[{\"@type\":\"ListItem\",\"position\":1,\"name\":\"Home\",\"item\":\"https:\/\/archibat.com\/blog\/\"},{\"@type\":\"ListItem\",\"position\":2,\"name\":\"Le brouillard relaxant du vase Nebl\"}]},{\"@type\":\"WebSite\",\"@id\":\"https:\/\/archibat.com\/blog\/#website\",\"url\":\"https:\/\/archibat.com\/blog\/\",\"name\":\"ArchiBat Mag\",\"description\":\"Vous souhaitez connaitre les derni\u00e8res actualit\u00e9s sur l\u2019Architecture, le Design ou les Ressources Humaines ? D\u00e9couvrez ArchiBat Mag, le magazine d\u00e9di\u00e9 aux m\u00e9tiers de l&#039;Architecture et de l&#039;Ing\u00e9nierie.\",\"potentialAction\":[{\"@type\":\"SearchAction\",\"target\":{\"@type\":\"EntryPoint\",\"urlTemplate\":\"https:\/\/archibat.com\/blog\/?s={search_term_string}\"},\"query-input\":{\"@type\":\"PropertyValueSpecification\",\"valueRequired\":true,\"valueName\":\"search_term_string\"}}],\"inLanguage\":\"fr-FR\"},{\"@type\":\"Person\",\"@id\":\"https:\/\/archibat.com\/blog\/#\/schema\/person\/c246f0d63b5e719c2cbe4f9bd494bf12\",\"name\":\"communication\"}]}<\/script>\n<!-- \/ Yoast SEO plugin. -->","yoast_head_json":{"title":"Le brouillard relaxant du vase Nebl &#8211; ArchiBat Mag","description":"Ce vase sortant de l'ordinaire est constitu\u00e9 d\u2019un verre qui donne l\u2019illusion que les plantes sont envelopp\u00e9es d\u2019un \u00e9pais brouillard.","robots":{"index":"index","follow":"follow","max-snippet":"max-snippet:-1","max-image-preview":"max-image-preview:large","max-video-preview":"max-video-preview:-1"},"canonical":"https:\/\/archibat.com\/blog\/le-brouillard-relaxant-du-vase-nebl\/","og_locale":"fr_FR","og_type":"article","og_title":"Le brouillard relaxant du vase Nebl &#8211; ArchiBat Mag","og_description":"Ce vase sortant de l'ordinaire est constitu\u00e9 d\u2019un verre qui donne l\u2019illusion que les plantes sont envelopp\u00e9es d\u2019un \u00e9pais brouillard.","og_url":"https:\/\/archibat.com\/blog\/le-brouillard-relaxant-du-vase-nebl\/","og_site_name":"ArchiBat Mag","article_published_time":"2018-12-21T11:50:07+00:00","og_image":[{"width":620,"height":483,"url":"https:\/\/archibat.com\/blog\/wp-content\/uploads\/2018\/12\/studio-rem-journaldudesign-06-tt-width-620-height-930-lazyload-0-crop-1-bgcolor-000000-except_gif-1-e1545392671361.jpg","type":"image\/jpeg"}],"author":"communication","twitter_card":"summary_large_image","twitter_misc":{"\u00c9crit par":"communication","Dur\u00e9e de lecture estim\u00e9e":"1 minute"},"schema":{"@context":"https:\/\/schema.org","@graph":[{"@type":"WebPage","@id":"https:\/\/archibat.com\/blog\/le-brouillard-relaxant-du-vase-nebl\/","url":"https:\/\/archibat.com\/blog\/le-brouillard-relaxant-du-vase-nebl\/","name":"Le brouillard relaxant du vase Nebl &#8211; ArchiBat Mag","isPartOf":{"@id":"https:\/\/archibat.com\/blog\/#website"},"primaryImageOfPage":{"@id":"https:\/\/archibat.com\/blog\/le-brouillard-relaxant-du-vase-nebl\/#primaryimage"},"image":{"@id":"https:\/\/archibat.com\/blog\/le-brouillard-relaxant-du-vase-nebl\/#primaryimage"},"thumbnailUrl":"https:\/\/archibat.com\/blog\/wp-content\/uploads\/2018\/12\/studio-rem-journaldudesign-06-tt-width-620-height-930-lazyload-0-crop-1-bgcolor-000000-except_gif-1-e1545392671361.jpg","datePublished":"2018-12-21T11:50:07+00:00","author":{"@id":"https:\/\/archibat.com\/blog\/#\/schema\/person\/c246f0d63b5e719c2cbe4f9bd494bf12"},"description":"Ce vase sortant de l'ordinaire est constitu\u00e9 d\u2019un verre qui donne l\u2019illusion que les plantes sont envelopp\u00e9es d\u2019un \u00e9pais brouillard.","breadcrumb":{"@id":"https:\/\/archibat.com\/blog\/le-brouillard-relaxant-du-vase-nebl\/#breadcrumb"},"inLanguage":"fr-FR","potentialAction":[{"@type":"ReadAction","target":["https:\/\/archibat.com\/blog\/le-brouillard-relaxant-du-vase-nebl\/"]}]},{"@type":"ImageObject","inLanguage":"fr-FR","@id":"https:\/\/archibat.com\/blog\/le-brouillard-relaxant-du-vase-nebl\/#primaryimage","url":"https:\/\/archibat.com\/blog\/wp-content\/uploads\/2018\/12\/studio-rem-journaldudesign-06-tt-width-620-height-930-lazyload-0-crop-1-bgcolor-000000-except_gif-1-e1545392671361.jpg","contentUrl":"https:\/\/archibat.com\/blog\/wp-content\/uploads\/2018\/12\/studio-rem-journaldudesign-06-tt-width-620-height-930-lazyload-0-crop-1-bgcolor-000000-except_gif-1-e1545392671361.jpg","width":620,"height":483},{"@type":"BreadcrumbList","@id":"https:\/\/archibat.com\/blog\/le-brouillard-relaxant-du-vase-nebl\/#breadcrumb","itemListElement":[{"@type":"ListItem","position":1,"name":"Home","item":"https:\/\/archibat.com\/blog\/"},{"@type":"ListItem","position":2,"name":"Le brouillard relaxant du vase Nebl"}]},{"@type":"WebSite","@id":"https:\/\/archibat.com\/blog\/#website","url":"https:\/\/archibat.com\/blog\/","name":"ArchiBat Mag","description":"Vous souhaitez connaitre les derni\u00e8res actualit\u00e9s sur l\u2019Architecture, le Design ou les Ressources Humaines ? D\u00e9couvrez ArchiBat Mag, le magazine d\u00e9di\u00e9 aux m\u00e9tiers de l&#039;Architecture et de l&#039;Ing\u00e9nierie.","potentialAction":[{"@type":"SearchAction","target":{"@type":"EntryPoint","urlTemplate":"https:\/\/archibat.com\/blog\/?s={search_term_string}"},"query-input":{"@type":"PropertyValueSpecification","valueRequired":true,"valueName":"search_term_string"}}],"inLanguage":"fr-FR"},{"@type":"Person","@id":"https:\/\/archibat.com\/blog\/#\/schema\/person\/c246f0d63b5e719c2cbe4f9bd494bf12","name":"communication"}]}},"_links":{"self":[{"href":"https:\/\/archibat.com\/blog\/wp-json\/wp\/v2\/posts\/8755","targetHints":{"allow":["GET"]}}],"collection":[{"href":"https:\/\/archibat.com\/blog\/wp-json\/wp\/v2\/posts"}],"about":[{"href":"https:\/\/archibat.com\/blog\/wp-json\/wp\/v2\/types\/post"}],"author":[{"embeddable":true,"href":"https:\/\/archibat.com\/blog\/wp-json\/wp\/v2\/users\/2"}],"replies":[{"embeddable":true,"href":"https:\/\/archibat.com\/blog\/wp-json\/wp\/v2\/comments?post=8755"}],"version-history":[{"count":3,"href":"https:\/\/archibat.com\/blog\/wp-json\/wp\/v2\/posts\/8755\/revisions"}],"predecessor-version":[{"id":8824,"href":"https:\/\/archibat.com\/blog\/wp-json\/wp\/v2\/posts\/8755\/revisions\/8824"}],"wp:featuredmedia":[{"embeddable":true,"href":"https:\/\/archibat.com\/blog\/wp-json\/wp\/v2\/media\/8810"}],"wp:attachment":[{"href":"https:\/\/archibat.com\/blog\/wp-json\/wp\/v2\/media?parent=8755"}],"wp:term":[{"taxonomy":"category","embeddable":true,"href":"https:\/\/archibat.com\/blog\/wp-json\/wp\/v2\/categories?post=8755"},{"taxonomy":"post_tag","embeddable":true,"href":"https:\/\/archibat.com\/blog\/wp-json\/wp\/v2\/tags?post=8755"}],"curies":[{"name":"wp","href":"https:\/\/api.w.org\/{rel}","templated":true}]}}