{"id":8772,"date":"2018-12-28T14:00:14","date_gmt":"2018-12-28T13:00:14","guid":{"rendered":"https:\/\/www.archibat.com\/blog\/?p=8772"},"modified":"2019-01-07T18:08:05","modified_gmt":"2019-01-07T17:08:05","slug":"des-espaces-pour-combattre-la-solitude-des-millenials","status":"publish","type":"post","link":"https:\/\/archibat.com\/blog\/des-espaces-pour-combattre-la-solitude-des-millenials\/","title":{"rendered":"Des espaces sp\u00e9cifiquement d\u00e9di\u00e9s aux millenials"},"content":{"rendered":"<p>A Hackney Central, sous les arches des lignes de m\u00e9tro, s&rsquo;est ouvert le complexe Night Tales, con\u00e7u par Sella Concept, qui accueille de nombreux acteurs de cette g\u00e9n\u00e9ration. L\u2019aire de restauration est vaste, on y sert de la street food et quelques boisons alcoolis\u00e9es peuvent \u00eatre consomm\u00e9es tout en profitant des concerts \u00e9ph\u00e9m\u00e8res. Sous le toit rose de Night Tales, le mantra est celui-ci : Tout le monde peut \u00eatre un ami potentiel, m\u00eame si cela ne dure qu\u2019une nuit.<\/p>\n<div id='gallery-1' class='slide-gallery'><div><img loading=\"lazy\" decoding=\"async\" width=\"960\" height=\"640\" src=\"https:\/\/archibat.com\/blog\/wp-content\/uploads\/2018\/12\/sella_concept_night_tales-07-960x640.jpg\" class=\"attachment-default_full_width size-default_full_width\" alt=\"\" srcset=\"https:\/\/archibat.com\/blog\/wp-content\/uploads\/2018\/12\/sella_concept_night_tales-07-960x640.jpg 960w, https:\/\/archibat.com\/blog\/wp-content\/uploads\/2018\/12\/sella_concept_night_tales-07-720x480.jpg 720w, https:\/\/archibat.com\/blog\/wp-content\/uploads\/2018\/12\/sella_concept_night_tales-07-350x233.jpg 350w, https:\/\/archibat.com\/blog\/wp-content\/uploads\/2018\/12\/sella_concept_night_tales-07-700x466.jpg 700w\" sizes=\"auto, (max-width: 960px) 100vw, 960px\" \/><\/div><div><img loading=\"lazy\" decoding=\"async\" width=\"960\" height=\"640\" src=\"https:\/\/archibat.com\/blog\/wp-content\/uploads\/2018\/12\/sella_concept_night_tales-05-960x640.jpg\" class=\"attachment-default_full_width size-default_full_width\" alt=\"\" srcset=\"https:\/\/archibat.com\/blog\/wp-content\/uploads\/2018\/12\/sella_concept_night_tales-05-960x640.jpg 960w, https:\/\/archibat.com\/blog\/wp-content\/uploads\/2018\/12\/sella_concept_night_tales-05-720x480.jpg 720w, https:\/\/archibat.com\/blog\/wp-content\/uploads\/2018\/12\/sella_concept_night_tales-05-350x233.jpg 350w, https:\/\/archibat.com\/blog\/wp-content\/uploads\/2018\/12\/sella_concept_night_tales-05-700x466.jpg 700w\" sizes=\"auto, (max-width: 960px) 100vw, 960px\" \/><\/div><div><img loading=\"lazy\" decoding=\"async\" width=\"960\" height=\"640\" src=\"https:\/\/archibat.com\/blog\/wp-content\/uploads\/2018\/12\/sella_concept_night_tales-04-960x640.jpg\" class=\"attachment-default_full_width size-default_full_width\" alt=\"\" srcset=\"https:\/\/archibat.com\/blog\/wp-content\/uploads\/2018\/12\/sella_concept_night_tales-04-960x640.jpg 960w, https:\/\/archibat.com\/blog\/wp-content\/uploads\/2018\/12\/sella_concept_night_tales-04-720x480.jpg 720w, https:\/\/archibat.com\/blog\/wp-content\/uploads\/2018\/12\/sella_concept_night_tales-04-1440x960.jpg 1440w, https:\/\/archibat.com\/blog\/wp-content\/uploads\/2018\/12\/sella_concept_night_tales-04-1920x1280.jpg 1920w, https:\/\/archibat.com\/blog\/wp-content\/uploads\/2018\/12\/sella_concept_night_tales-04-350x233.jpg 350w, https:\/\/archibat.com\/blog\/wp-content\/uploads\/2018\/12\/sella_concept_night_tales-04-700x466.jpg 700w\" sizes=\"auto, (max-width: 960px) 100vw, 960px\" \/><\/div><\/div>\n<p>Ce lieu de rassemblement est aussi le t\u00e9moin d\u2019un mal qui accable cette g\u00e9n\u00e9ration, celui de la solitude. Les 18-24 ans se sentiraient trois fois plus seuls que les plus de 64 ans. Au Royaume-Uni, qui a r\u00e9cemment nomm\u00e9 un ministre de la Solitude, on parle d&rsquo;une \u00e9pid\u00e9mie. Ce probl\u00e8me de la solitude ne se traduit d&rsquo;ailleurs pas uniquement la nuit, il s\u2019exprime \u00e9galement la journ\u00e9e \u00e0 travers l\u2019essor des espaces de co-working.<\/p>\n<p>Nombreuses sont d\u00e9sormais les collectivit\u00e9s qui tentent de trouver une solution et cette solution passe par la cr\u00e9ation d\u2019espaces communautaires. Ceux-ci ont pour but de favoriser les relations, d\u2019aider les gens \u00e0 nouer des contacts tout en leur offrant des espaces pour se r\u00e9unir.<\/p>\n<p>Plusieurs de ces espaces ont vu le jour dans les zones urbaines au cours des deux derni\u00e8res ann\u00e9es, mais ce qui distingue The Collective \u00e0 Seattle, con\u00e7u par Gendler, c\u2019est sa complexit\u00e9 inattendue. Avec des options comme un bar ouvert jour et nuit, une salle de gym, un jardin avec hamac \u00e0 deux \u00e9tages, des s\u00e9ances de yoga, de peinture et de musique en direct, ce \u00ab\u00a0social club\u00a0\u00bb bas\u00e9 \u00e0 Seattle apparait comme une alternative nocturne et diurne pour r\u00e9pondre aux angoisses de cette g\u00e9n\u00e9ration.<\/p>\n<p><img loading=\"lazy\" decoding=\"async\" class=\"alignnone size-large wp-image-8829\" src=\"https:\/\/www.archibat.com\/blog\/wp-content\/uploads\/2018\/12\/Gensler_The_Collective-09-720x480.jpg\" alt=\"\" width=\"720\" height=\"480\" srcset=\"https:\/\/archibat.com\/blog\/wp-content\/uploads\/2018\/12\/Gensler_The_Collective-09-720x480.jpg 720w, https:\/\/archibat.com\/blog\/wp-content\/uploads\/2018\/12\/Gensler_The_Collective-09-300x200.jpg 300w, https:\/\/archibat.com\/blog\/wp-content\/uploads\/2018\/12\/Gensler_The_Collective-09-768x512.jpg 768w, https:\/\/archibat.com\/blog\/wp-content\/uploads\/2018\/12\/Gensler_The_Collective-09-1536x1024.jpg 1536w, https:\/\/archibat.com\/blog\/wp-content\/uploads\/2018\/12\/Gensler_The_Collective-09-1440x960.jpg 1440w, https:\/\/archibat.com\/blog\/wp-content\/uploads\/2018\/12\/Gensler_The_Collective-09-960x640.jpg 960w, https:\/\/archibat.com\/blog\/wp-content\/uploads\/2018\/12\/Gensler_The_Collective-09.jpg 1920w, https:\/\/archibat.com\/blog\/wp-content\/uploads\/2018\/12\/Gensler_The_Collective-09-350x233.jpg 350w, https:\/\/archibat.com\/blog\/wp-content\/uploads\/2018\/12\/Gensler_The_Collective-09-700x466.jpg 700w\" sizes=\"auto, (max-width: 720px) 100vw, 720px\" \/><\/p>\n<p>The Collective cr\u00e9e du liant entre les jeunes afin de les aider \u00e0 d\u00e9velopper leurs passions et \u00e0 se retrouver pour former des micro-communaut\u00e9s, plus commun\u00e9ment appel\u00e9s, groupes d&rsquo;amis.<\/p>\n<p><img loading=\"lazy\" decoding=\"async\" class=\"alignnone wp-image-8841\" src=\"https:\/\/www.archibat.com\/blog\/wp-content\/uploads\/2018\/12\/Gensler_The_Collective-10-320x480.jpg\" alt=\"\" width=\"700\" height=\"1050\" srcset=\"https:\/\/archibat.com\/blog\/wp-content\/uploads\/2018\/12\/Gensler_The_Collective-10-320x480.jpg 320w, https:\/\/archibat.com\/blog\/wp-content\/uploads\/2018\/12\/Gensler_The_Collective-10-200x300.jpg 200w, https:\/\/archibat.com\/blog\/wp-content\/uploads\/2018\/12\/Gensler_The_Collective-10-768x1152.jpg 768w, https:\/\/archibat.com\/blog\/wp-content\/uploads\/2018\/12\/Gensler_The_Collective-10-1024x1536.jpg 1024w, https:\/\/archibat.com\/blog\/wp-content\/uploads\/2018\/12\/Gensler_The_Collective-10.jpg 1080w\" sizes=\"auto, (max-width: 700px) 100vw, 700px\" \/><\/p>\n<p>The Collective offre un site g\u00e9n\u00e9reux de 1400 m\u00e8tres carr\u00e9s pour que chacun puisse s\u2019exprimer et y r\u00e9aliser ses passions. C\u2019est souvent les gens issus du monde de la technologie, arrivant des 4 coins du pays pour travailler dans les grandes entreprises, qui s\u2019y retrouvent afin de tisser des liens entre eux.<\/p>\n<p><img loading=\"lazy\" decoding=\"async\" class=\"alignnone size-large wp-image-8843\" src=\"https:\/\/www.archibat.com\/blog\/wp-content\/uploads\/2018\/12\/Gensler_The_Collective-05-720x480.jpg\" alt=\"\" width=\"720\" height=\"480\" srcset=\"https:\/\/archibat.com\/blog\/wp-content\/uploads\/2018\/12\/Gensler_The_Collective-05-720x480.jpg 720w, https:\/\/archibat.com\/blog\/wp-content\/uploads\/2018\/12\/Gensler_The_Collective-05-300x200.jpg 300w, https:\/\/archibat.com\/blog\/wp-content\/uploads\/2018\/12\/Gensler_The_Collective-05-768x512.jpg 768w, https:\/\/archibat.com\/blog\/wp-content\/uploads\/2018\/12\/Gensler_The_Collective-05-1536x1024.jpg 1536w, https:\/\/archibat.com\/blog\/wp-content\/uploads\/2018\/12\/Gensler_The_Collective-05-1440x960.jpg 1440w, https:\/\/archibat.com\/blog\/wp-content\/uploads\/2018\/12\/Gensler_The_Collective-05-960x640.jpg 960w, https:\/\/archibat.com\/blog\/wp-content\/uploads\/2018\/12\/Gensler_The_Collective-05.jpg 1920w, https:\/\/archibat.com\/blog\/wp-content\/uploads\/2018\/12\/Gensler_The_Collective-05-350x233.jpg 350w, https:\/\/archibat.com\/blog\/wp-content\/uploads\/2018\/12\/Gensler_The_Collective-05-700x466.jpg 700w\" sizes=\"auto, (max-width: 720px) 100vw, 720px\" \/><\/p>\n<p>Les relations de qualit\u00e9 se cr\u00e9ent par des interactions r\u00e9p\u00e9t\u00e9es et non planifi\u00e9es, typiquement celles que l\u2019on tisse \u00e0 l\u2019\u00e9cole ou \u00e0 l\u2019universit\u00e9. A l\u2019inverse les relations que l\u2019on peut d\u00e9velopper \u00e0 l\u2019\u00e2ge adulte sont souvent moins authentiques.<\/p>\n<p><img loading=\"lazy\" decoding=\"async\" class=\"alignnone size-large wp-image-8845\" src=\"https:\/\/www.archibat.com\/blog\/wp-content\/uploads\/2018\/12\/Gensler_The_Collective-02-720x480.jpg\" alt=\"\" width=\"720\" height=\"480\" srcset=\"https:\/\/archibat.com\/blog\/wp-content\/uploads\/2018\/12\/Gensler_The_Collective-02-720x480.jpg 720w, https:\/\/archibat.com\/blog\/wp-content\/uploads\/2018\/12\/Gensler_The_Collective-02-300x200.jpg 300w, https:\/\/archibat.com\/blog\/wp-content\/uploads\/2018\/12\/Gensler_The_Collective-02-768x512.jpg 768w, https:\/\/archibat.com\/blog\/wp-content\/uploads\/2018\/12\/Gensler_The_Collective-02-1536x1024.jpg 1536w, https:\/\/archibat.com\/blog\/wp-content\/uploads\/2018\/12\/Gensler_The_Collective-02-1440x960.jpg 1440w, https:\/\/archibat.com\/blog\/wp-content\/uploads\/2018\/12\/Gensler_The_Collective-02-960x640.jpg 960w, https:\/\/archibat.com\/blog\/wp-content\/uploads\/2018\/12\/Gensler_The_Collective-02.jpg 1920w, https:\/\/archibat.com\/blog\/wp-content\/uploads\/2018\/12\/Gensler_The_Collective-02-350x233.jpg 350w, https:\/\/archibat.com\/blog\/wp-content\/uploads\/2018\/12\/Gensler_The_Collective-02-700x466.jpg 700w\" sizes=\"auto, (max-width: 720px) 100vw, 720px\" \/><\/p>\n<p>\u00ab\u00a0Avec la proximit\u00e9, les gens finiront par se connecter organiquement, naturellement. Cependant, en cr\u00e9ant un espace dynamique con\u00e7u pour les collisions cr\u00e9atives, catalys\u00e9es par des activit\u00e9s partag\u00e9es, ces connexions se produisent beaucoup plus rapidement.\u00a0\u00bb affirme Tommy Trause, fondateur de The Collective.<\/p>\n<p><img loading=\"lazy\" decoding=\"async\" class=\"alignnone size-large wp-image-8847\" src=\"https:\/\/www.archibat.com\/blog\/wp-content\/uploads\/2018\/12\/Gensler_The_Collective-03-720x480.jpg\" alt=\"\" width=\"720\" height=\"480\" srcset=\"https:\/\/archibat.com\/blog\/wp-content\/uploads\/2018\/12\/Gensler_The_Collective-03-720x480.jpg 720w, https:\/\/archibat.com\/blog\/wp-content\/uploads\/2018\/12\/Gensler_The_Collective-03-300x200.jpg 300w, https:\/\/archibat.com\/blog\/wp-content\/uploads\/2018\/12\/Gensler_The_Collective-03-768x512.jpg 768w, https:\/\/archibat.com\/blog\/wp-content\/uploads\/2018\/12\/Gensler_The_Collective-03-1536x1024.jpg 1536w, https:\/\/archibat.com\/blog\/wp-content\/uploads\/2018\/12\/Gensler_The_Collective-03-1440x960.jpg 1440w, https:\/\/archibat.com\/blog\/wp-content\/uploads\/2018\/12\/Gensler_The_Collective-03-960x640.jpg 960w, https:\/\/archibat.com\/blog\/wp-content\/uploads\/2018\/12\/Gensler_The_Collective-03.jpg 1920w, https:\/\/archibat.com\/blog\/wp-content\/uploads\/2018\/12\/Gensler_The_Collective-03-350x233.jpg 350w, https:\/\/archibat.com\/blog\/wp-content\/uploads\/2018\/12\/Gensler_The_Collective-03-700x466.jpg 700w\" sizes=\"auto, (max-width: 720px) 100vw, 720px\" \/><\/p>\n","protected":false},"excerpt":{"rendered":"<p>A Hackney Central, sous les arches des lignes de m\u00e9tro, s&rsquo;est ouvert le complexe Night Tales, con\u00e7u par Sella Concept, qui accueille de nombreux acteurs\u2026<\/p>\n","protected":false},"author":2,"featured_media":8838,"comment_status":"closed","ping_status":"closed","sticky":false,"template":"","format":"standard","meta":{"_acf_changed":false,"footnotes":""},"categories":[3],"tags":[1240,1821,1228,2190,1504,2191,2189],"class_list":["post-8772","post","type-post","status-publish","format-standard","has-post-thumbnail","hentry","category-architecture-et-design","tag-architecture-2","tag-architecture-dinterieur","tag-design","tag-night-tales","tag-retail","tag-sella-concept","tag-the-collective"],"acf":[],"yoast_head":"<!-- This site is optimized with the Yoast SEO plugin v24.8.1 - https:\/\/yoast.com\/wordpress\/plugins\/seo\/ -->\n<title>Des espaces sp\u00e9cifiquement d\u00e9di\u00e9s aux millenials &#8211; ArchiBat Mag<\/title>\n<meta name=\"description\" content=\"Les 18-24 ans se sentiraient trois fois plus seuls que les plus de 64 ans. Ces lieux de rassemblement en sont les t\u00e9moins.\" \/>\n<meta name=\"robots\" content=\"index, follow, max-snippet:-1, max-image-preview:large, max-video-preview:-1\" \/>\n<link rel=\"canonical\" href=\"https:\/\/archibat.com\/blog\/des-espaces-pour-combattre-la-solitude-des-millenials\/\" \/>\n<meta property=\"og:locale\" content=\"fr_FR\" \/>\n<meta property=\"og:type\" content=\"article\" \/>\n<meta property=\"og:title\" content=\"Des espaces sp\u00e9cifiquement d\u00e9di\u00e9s aux millenials &#8211; ArchiBat Mag\" \/>\n<meta property=\"og:description\" content=\"Les 18-24 ans se sentiraient trois fois plus seuls que les plus de 64 ans. Ces lieux de rassemblement en sont les t\u00e9moins.\" \/>\n<meta property=\"og:url\" content=\"https:\/\/archibat.com\/blog\/des-espaces-pour-combattre-la-solitude-des-millenials\/\" \/>\n<meta property=\"og:site_name\" content=\"ArchiBat Mag\" \/>\n<meta property=\"article:published_time\" content=\"2018-12-28T13:00:14+00:00\" \/>\n<meta property=\"article:modified_time\" content=\"2019-01-07T17:08:05+00:00\" \/>\n<meta property=\"og:image\" content=\"https:\/\/archibat.com\/blog\/wp-content\/uploads\/2018\/12\/289684.jpg\" \/>\n\t<meta property=\"og:image:width\" content=\"1920\" \/>\n\t<meta property=\"og:image:height\" content=\"1080\" \/>\n\t<meta property=\"og:image:type\" content=\"image\/jpeg\" \/>\n<meta name=\"author\" content=\"communication\" \/>\n<meta name=\"twitter:card\" content=\"summary_large_image\" \/>\n<meta name=\"twitter:label1\" content=\"\u00c9crit par\" \/>\n\t<meta name=\"twitter:data1\" content=\"communication\" \/>\n\t<meta name=\"twitter:label2\" content=\"Dur\u00e9e de lecture estim\u00e9e\" \/>\n\t<meta name=\"twitter:data2\" content=\"3 minutes\" \/>\n<script type=\"application\/ld+json\" class=\"yoast-schema-graph\">{\"@context\":\"https:\/\/schema.org\",\"@graph\":[{\"@type\":\"WebPage\",\"@id\":\"https:\/\/archibat.com\/blog\/des-espaces-pour-combattre-la-solitude-des-millenials\/\",\"url\":\"https:\/\/archibat.com\/blog\/des-espaces-pour-combattre-la-solitude-des-millenials\/\",\"name\":\"Des espaces sp\u00e9cifiquement d\u00e9di\u00e9s aux millenials &#8211; ArchiBat Mag\",\"isPartOf\":{\"@id\":\"https:\/\/archibat.com\/blog\/#website\"},\"primaryImageOfPage\":{\"@id\":\"https:\/\/archibat.com\/blog\/des-espaces-pour-combattre-la-solitude-des-millenials\/#primaryimage\"},\"image\":{\"@id\":\"https:\/\/archibat.com\/blog\/des-espaces-pour-combattre-la-solitude-des-millenials\/#primaryimage\"},\"thumbnailUrl\":\"https:\/\/archibat.com\/blog\/wp-content\/uploads\/2018\/12\/289684.jpg\",\"datePublished\":\"2018-12-28T13:00:14+00:00\",\"dateModified\":\"2019-01-07T17:08:05+00:00\",\"author\":{\"@id\":\"https:\/\/archibat.com\/blog\/#\/schema\/person\/c246f0d63b5e719c2cbe4f9bd494bf12\"},\"description\":\"Les 18-24 ans se sentiraient trois fois plus seuls que les plus de 64 ans. Ces lieux de rassemblement en sont les t\u00e9moins.\",\"breadcrumb\":{\"@id\":\"https:\/\/archibat.com\/blog\/des-espaces-pour-combattre-la-solitude-des-millenials\/#breadcrumb\"},\"inLanguage\":\"fr-FR\",\"potentialAction\":[{\"@type\":\"ReadAction\",\"target\":[\"https:\/\/archibat.com\/blog\/des-espaces-pour-combattre-la-solitude-des-millenials\/\"]}]},{\"@type\":\"ImageObject\",\"inLanguage\":\"fr-FR\",\"@id\":\"https:\/\/archibat.com\/blog\/des-espaces-pour-combattre-la-solitude-des-millenials\/#primaryimage\",\"url\":\"https:\/\/archibat.com\/blog\/wp-content\/uploads\/2018\/12\/289684.jpg\",\"contentUrl\":\"https:\/\/archibat.com\/blog\/wp-content\/uploads\/2018\/12\/289684.jpg\",\"width\":1920,\"height\":1080},{\"@type\":\"BreadcrumbList\",\"@id\":\"https:\/\/archibat.com\/blog\/des-espaces-pour-combattre-la-solitude-des-millenials\/#breadcrumb\",\"itemListElement\":[{\"@type\":\"ListItem\",\"position\":1,\"name\":\"Home\",\"item\":\"https:\/\/archibat.com\/blog\/\"},{\"@type\":\"ListItem\",\"position\":2,\"name\":\"Des espaces sp\u00e9cifiquement d\u00e9di\u00e9s aux millenials\"}]},{\"@type\":\"WebSite\",\"@id\":\"https:\/\/archibat.com\/blog\/#website\",\"url\":\"https:\/\/archibat.com\/blog\/\",\"name\":\"ArchiBat Mag\",\"description\":\"Vous souhaitez connaitre les derni\u00e8res actualit\u00e9s sur l\u2019Architecture, le Design ou les Ressources Humaines ? D\u00e9couvrez ArchiBat Mag, le magazine d\u00e9di\u00e9 aux m\u00e9tiers de l&#039;Architecture et de l&#039;Ing\u00e9nierie.\",\"potentialAction\":[{\"@type\":\"SearchAction\",\"target\":{\"@type\":\"EntryPoint\",\"urlTemplate\":\"https:\/\/archibat.com\/blog\/?s={search_term_string}\"},\"query-input\":{\"@type\":\"PropertyValueSpecification\",\"valueRequired\":true,\"valueName\":\"search_term_string\"}}],\"inLanguage\":\"fr-FR\"},{\"@type\":\"Person\",\"@id\":\"https:\/\/archibat.com\/blog\/#\/schema\/person\/c246f0d63b5e719c2cbe4f9bd494bf12\",\"name\":\"communication\"}]}<\/script>\n<!-- \/ Yoast SEO plugin. -->","yoast_head_json":{"title":"Des espaces sp\u00e9cifiquement d\u00e9di\u00e9s aux millenials &#8211; ArchiBat Mag","description":"Les 18-24 ans se sentiraient trois fois plus seuls que les plus de 64 ans. Ces lieux de rassemblement en sont les t\u00e9moins.","robots":{"index":"index","follow":"follow","max-snippet":"max-snippet:-1","max-image-preview":"max-image-preview:large","max-video-preview":"max-video-preview:-1"},"canonical":"https:\/\/archibat.com\/blog\/des-espaces-pour-combattre-la-solitude-des-millenials\/","og_locale":"fr_FR","og_type":"article","og_title":"Des espaces sp\u00e9cifiquement d\u00e9di\u00e9s aux millenials &#8211; ArchiBat Mag","og_description":"Les 18-24 ans se sentiraient trois fois plus seuls que les plus de 64 ans. Ces lieux de rassemblement en sont les t\u00e9moins.","og_url":"https:\/\/archibat.com\/blog\/des-espaces-pour-combattre-la-solitude-des-millenials\/","og_site_name":"ArchiBat Mag","article_published_time":"2018-12-28T13:00:14+00:00","article_modified_time":"2019-01-07T17:08:05+00:00","og_image":[{"width":1920,"height":1080,"url":"https:\/\/archibat.com\/blog\/wp-content\/uploads\/2018\/12\/289684.jpg","type":"image\/jpeg"}],"author":"communication","twitter_card":"summary_large_image","twitter_misc":{"\u00c9crit par":"communication","Dur\u00e9e de lecture estim\u00e9e":"3 minutes"},"schema":{"@context":"https:\/\/schema.org","@graph":[{"@type":"WebPage","@id":"https:\/\/archibat.com\/blog\/des-espaces-pour-combattre-la-solitude-des-millenials\/","url":"https:\/\/archibat.com\/blog\/des-espaces-pour-combattre-la-solitude-des-millenials\/","name":"Des espaces sp\u00e9cifiquement d\u00e9di\u00e9s aux millenials &#8211; ArchiBat Mag","isPartOf":{"@id":"https:\/\/archibat.com\/blog\/#website"},"primaryImageOfPage":{"@id":"https:\/\/archibat.com\/blog\/des-espaces-pour-combattre-la-solitude-des-millenials\/#primaryimage"},"image":{"@id":"https:\/\/archibat.com\/blog\/des-espaces-pour-combattre-la-solitude-des-millenials\/#primaryimage"},"thumbnailUrl":"https:\/\/archibat.com\/blog\/wp-content\/uploads\/2018\/12\/289684.jpg","datePublished":"2018-12-28T13:00:14+00:00","dateModified":"2019-01-07T17:08:05+00:00","author":{"@id":"https:\/\/archibat.com\/blog\/#\/schema\/person\/c246f0d63b5e719c2cbe4f9bd494bf12"},"description":"Les 18-24 ans se sentiraient trois fois plus seuls que les plus de 64 ans. Ces lieux de rassemblement en sont les t\u00e9moins.","breadcrumb":{"@id":"https:\/\/archibat.com\/blog\/des-espaces-pour-combattre-la-solitude-des-millenials\/#breadcrumb"},"inLanguage":"fr-FR","potentialAction":[{"@type":"ReadAction","target":["https:\/\/archibat.com\/blog\/des-espaces-pour-combattre-la-solitude-des-millenials\/"]}]},{"@type":"ImageObject","inLanguage":"fr-FR","@id":"https:\/\/archibat.com\/blog\/des-espaces-pour-combattre-la-solitude-des-millenials\/#primaryimage","url":"https:\/\/archibat.com\/blog\/wp-content\/uploads\/2018\/12\/289684.jpg","contentUrl":"https:\/\/archibat.com\/blog\/wp-content\/uploads\/2018\/12\/289684.jpg","width":1920,"height":1080},{"@type":"BreadcrumbList","@id":"https:\/\/archibat.com\/blog\/des-espaces-pour-combattre-la-solitude-des-millenials\/#breadcrumb","itemListElement":[{"@type":"ListItem","position":1,"name":"Home","item":"https:\/\/archibat.com\/blog\/"},{"@type":"ListItem","position":2,"name":"Des espaces sp\u00e9cifiquement d\u00e9di\u00e9s aux millenials"}]},{"@type":"WebSite","@id":"https:\/\/archibat.com\/blog\/#website","url":"https:\/\/archibat.com\/blog\/","name":"ArchiBat Mag","description":"Vous souhaitez connaitre les derni\u00e8res actualit\u00e9s sur l\u2019Architecture, le Design ou les Ressources Humaines ? D\u00e9couvrez ArchiBat Mag, le magazine d\u00e9di\u00e9 aux m\u00e9tiers de l&#039;Architecture et de l&#039;Ing\u00e9nierie.","potentialAction":[{"@type":"SearchAction","target":{"@type":"EntryPoint","urlTemplate":"https:\/\/archibat.com\/blog\/?s={search_term_string}"},"query-input":{"@type":"PropertyValueSpecification","valueRequired":true,"valueName":"search_term_string"}}],"inLanguage":"fr-FR"},{"@type":"Person","@id":"https:\/\/archibat.com\/blog\/#\/schema\/person\/c246f0d63b5e719c2cbe4f9bd494bf12","name":"communication"}]}},"_links":{"self":[{"href":"https:\/\/archibat.com\/blog\/wp-json\/wp\/v2\/posts\/8772","targetHints":{"allow":["GET"]}}],"collection":[{"href":"https:\/\/archibat.com\/blog\/wp-json\/wp\/v2\/posts"}],"about":[{"href":"https:\/\/archibat.com\/blog\/wp-json\/wp\/v2\/types\/post"}],"author":[{"embeddable":true,"href":"https:\/\/archibat.com\/blog\/wp-json\/wp\/v2\/users\/2"}],"replies":[{"embeddable":true,"href":"https:\/\/archibat.com\/blog\/wp-json\/wp\/v2\/comments?post=8772"}],"version-history":[{"count":3,"href":"https:\/\/archibat.com\/blog\/wp-json\/wp\/v2\/posts\/8772\/revisions"}],"predecessor-version":[{"id":8898,"href":"https:\/\/archibat.com\/blog\/wp-json\/wp\/v2\/posts\/8772\/revisions\/8898"}],"wp:featuredmedia":[{"embeddable":true,"href":"https:\/\/archibat.com\/blog\/wp-json\/wp\/v2\/media\/8838"}],"wp:attachment":[{"href":"https:\/\/archibat.com\/blog\/wp-json\/wp\/v2\/media?parent=8772"}],"wp:term":[{"taxonomy":"category","embeddable":true,"href":"https:\/\/archibat.com\/blog\/wp-json\/wp\/v2\/categories?post=8772"},{"taxonomy":"post_tag","embeddable":true,"href":"https:\/\/archibat.com\/blog\/wp-json\/wp\/v2\/tags?post=8772"}],"curies":[{"name":"wp","href":"https:\/\/api.w.org\/{rel}","templated":true}]}}