{"id":8949,"date":"2019-01-14T18:19:28","date_gmt":"2019-01-14T17:19:28","guid":{"rendered":"https:\/\/www.archibat.com\/blog\/?p=8949"},"modified":"2022-10-24T16:53:16","modified_gmt":"2022-10-24T14:53:16","slug":"jeudi-17-janvier-2019-a-19h-maison-de-larchitecture-idf","status":"publish","type":"post","link":"https:\/\/archibat.com\/blog\/jeudi-17-janvier-2019-a-19h-maison-de-larchitecture-idf\/","title":{"rendered":"Jeudi 17 janvier 2019 \u00e0 19h \u2013 Maison de l\u2019Architecture IDF"},"content":{"rendered":"<h2 style=\"text-align: center;\"><span class=\"color\">Le BIM hors de l&rsquo;agence<\/span><\/h2>\n<p>&nbsp;<\/p>\n<p>Y a-t-il pour les architectes une demande BIM en dehors de l&rsquo;agence ? Quelles sont ces entreprises ? Pour y faire quoi ? Qui recherchent-elles ?<\/p>\n<p>Avec les interventions de :<\/p>\n<ul>\n<li><strong>Olivier Celnik<\/strong>, architecte fondateur Z.Studio, enseignant en \u00e9cole d&rsquo;architecture et directeur du Master sp\u00e9cialis\u00e9 BIM ENPC\/ESTP<\/li>\n<li><strong>Arnaud Desir\u00e9e<\/strong>, architecte BIM manager et fondateur de Monokrom Architecte<\/li>\n<\/ul>\n<p>&nbsp;<\/p>\n<p style=\"text-align: center;\">Pour vous inscrire, merci d\u2019envoyer un mail \u00e0 accueil@architectes-idf.org<\/p>\n<p>&nbsp;<\/p>\n<p>RDV pour l\u2019Atelier Parcours et Perspectives #3 le 14 mars 2019 \u00e0 19h, qui parlera d&rsquo;architecture commerciale et de retail design.<\/p>\n<p>&nbsp;<\/p>\n<p style=\"text-align: center;\"><em>Maison de l\u2019Architecture \u2013 148, rue du Faubourg Saint-Martin \u2013 75010 Paris<\/em><\/p>\n","protected":false},"excerpt":{"rendered":"<p>Le BIM hors de l&rsquo;agence &nbsp; Y a-t-il pour les architectes une demande BIM en dehors de l&rsquo;agence ? Quelles sont ces entreprises ? Pour\u2026<\/p>\n","protected":false},"author":2,"featured_media":8957,"comment_status":"closed","ping_status":"closed","sticky":false,"template":"","format":"standard","meta":{"_acf_changed":false,"footnotes":""},"categories":[650],"tags":[],"class_list":["post-8949","post","type-post","status-publish","format-standard","has-post-thumbnail","hentry","category-agenda"],"acf":[],"yoast_head":"<!-- This site is optimized with the Yoast SEO plugin v24.8.1 - https:\/\/yoast.com\/wordpress\/plugins\/seo\/ -->\n<title>Jeudi 17 janvier 2019 \u00e0 19h \u2013 Maison de l\u2019Architecture IDF &#8211; ArchiBat Mag<\/title>\n<meta name=\"robots\" content=\"index, follow, max-snippet:-1, max-image-preview:large, max-video-preview:-1\" \/>\n<link rel=\"canonical\" href=\"https:\/\/archibat.com\/blog\/jeudi-17-janvier-2019-a-19h-maison-de-larchitecture-idf\/\" \/>\n<meta property=\"og:locale\" content=\"fr_FR\" \/>\n<meta property=\"og:type\" content=\"article\" \/>\n<meta property=\"og:title\" content=\"Jeudi 17 janvier 2019 \u00e0 19h \u2013 Maison de l\u2019Architecture IDF &#8211; ArchiBat Mag\" \/>\n<meta property=\"og:description\" content=\"Le BIM hors de l&rsquo;agence &nbsp; Y a-t-il pour les architectes une demande BIM en dehors de l&rsquo;agence ? Quelles sont ces entreprises ? Pour\u2026\" \/>\n<meta property=\"og:url\" content=\"https:\/\/archibat.com\/blog\/jeudi-17-janvier-2019-a-19h-maison-de-larchitecture-idf\/\" \/>\n<meta property=\"og:site_name\" content=\"ArchiBat Mag\" \/>\n<meta property=\"article:published_time\" content=\"2019-01-14T17:19:28+00:00\" \/>\n<meta property=\"article:modified_time\" content=\"2022-10-24T14:53:16+00:00\" \/>\n<meta property=\"og:image\" content=\"https:\/\/archibat.com\/blog\/wp-content\/uploads\/2019\/01\/FINAL-APP2-01-2-scaled.jpg\" \/>\n\t<meta property=\"og:image:width\" content=\"2560\" \/>\n\t<meta property=\"og:image:height\" content=\"1877\" \/>\n\t<meta property=\"og:image:type\" content=\"image\/jpeg\" \/>\n<meta name=\"author\" content=\"communication\" \/>\n<meta name=\"twitter:card\" content=\"summary_large_image\" \/>\n<meta name=\"twitter:label1\" content=\"\u00c9crit par\" \/>\n\t<meta name=\"twitter:data1\" content=\"communication\" \/>\n\t<meta name=\"twitter:label2\" content=\"Dur\u00e9e de lecture estim\u00e9e\" \/>\n\t<meta name=\"twitter:data2\" content=\"1 minute\" \/>\n<script type=\"application\/ld+json\" class=\"yoast-schema-graph\">{\"@context\":\"https:\/\/schema.org\",\"@graph\":[{\"@type\":\"WebPage\",\"@id\":\"https:\/\/archibat.com\/blog\/jeudi-17-janvier-2019-a-19h-maison-de-larchitecture-idf\/\",\"url\":\"https:\/\/archibat.com\/blog\/jeudi-17-janvier-2019-a-19h-maison-de-larchitecture-idf\/\",\"name\":\"Jeudi 17 janvier 2019 \u00e0 19h \u2013 Maison de l\u2019Architecture IDF &#8211; ArchiBat Mag\",\"isPartOf\":{\"@id\":\"https:\/\/archibat.com\/blog\/#website\"},\"primaryImageOfPage\":{\"@id\":\"https:\/\/archibat.com\/blog\/jeudi-17-janvier-2019-a-19h-maison-de-larchitecture-idf\/#primaryimage\"},\"image\":{\"@id\":\"https:\/\/archibat.com\/blog\/jeudi-17-janvier-2019-a-19h-maison-de-larchitecture-idf\/#primaryimage\"},\"thumbnailUrl\":\"https:\/\/archibat.com\/blog\/wp-content\/uploads\/2019\/01\/FINAL-APP2-01-2-scaled.jpg\",\"datePublished\":\"2019-01-14T17:19:28+00:00\",\"dateModified\":\"2022-10-24T14:53:16+00:00\",\"author\":{\"@id\":\"https:\/\/archibat.com\/blog\/#\/schema\/person\/c246f0d63b5e719c2cbe4f9bd494bf12\"},\"breadcrumb\":{\"@id\":\"https:\/\/archibat.com\/blog\/jeudi-17-janvier-2019-a-19h-maison-de-larchitecture-idf\/#breadcrumb\"},\"inLanguage\":\"fr-FR\",\"potentialAction\":[{\"@type\":\"ReadAction\",\"target\":[\"https:\/\/archibat.com\/blog\/jeudi-17-janvier-2019-a-19h-maison-de-larchitecture-idf\/\"]}]},{\"@type\":\"ImageObject\",\"inLanguage\":\"fr-FR\",\"@id\":\"https:\/\/archibat.com\/blog\/jeudi-17-janvier-2019-a-19h-maison-de-larchitecture-idf\/#primaryimage\",\"url\":\"https:\/\/archibat.com\/blog\/wp-content\/uploads\/2019\/01\/FINAL-APP2-01-2-scaled.jpg\",\"contentUrl\":\"https:\/\/archibat.com\/blog\/wp-content\/uploads\/2019\/01\/FINAL-APP2-01-2-scaled.jpg\",\"width\":2560,\"height\":1877},{\"@type\":\"BreadcrumbList\",\"@id\":\"https:\/\/archibat.com\/blog\/jeudi-17-janvier-2019-a-19h-maison-de-larchitecture-idf\/#breadcrumb\",\"itemListElement\":[{\"@type\":\"ListItem\",\"position\":1,\"name\":\"Home\",\"item\":\"https:\/\/archibat.com\/blog\/\"},{\"@type\":\"ListItem\",\"position\":2,\"name\":\"Jeudi 17 janvier 2019 \u00e0 19h \u2013 Maison de l\u2019Architecture IDF\"}]},{\"@type\":\"WebSite\",\"@id\":\"https:\/\/archibat.com\/blog\/#website\",\"url\":\"https:\/\/archibat.com\/blog\/\",\"name\":\"ArchiBat Mag\",\"description\":\"Vous souhaitez connaitre les derni\u00e8res actualit\u00e9s sur l\u2019Architecture, le Design ou les Ressources Humaines ? D\u00e9couvrez ArchiBat Mag, le magazine d\u00e9di\u00e9 aux m\u00e9tiers de l&#039;Architecture et de l&#039;Ing\u00e9nierie.\",\"potentialAction\":[{\"@type\":\"SearchAction\",\"target\":{\"@type\":\"EntryPoint\",\"urlTemplate\":\"https:\/\/archibat.com\/blog\/?s={search_term_string}\"},\"query-input\":{\"@type\":\"PropertyValueSpecification\",\"valueRequired\":true,\"valueName\":\"search_term_string\"}}],\"inLanguage\":\"fr-FR\"},{\"@type\":\"Person\",\"@id\":\"https:\/\/archibat.com\/blog\/#\/schema\/person\/c246f0d63b5e719c2cbe4f9bd494bf12\",\"name\":\"communication\"}]}<\/script>\n<!-- \/ Yoast SEO plugin. -->","yoast_head_json":{"title":"Jeudi 17 janvier 2019 \u00e0 19h \u2013 Maison de l\u2019Architecture IDF &#8211; ArchiBat Mag","robots":{"index":"index","follow":"follow","max-snippet":"max-snippet:-1","max-image-preview":"max-image-preview:large","max-video-preview":"max-video-preview:-1"},"canonical":"https:\/\/archibat.com\/blog\/jeudi-17-janvier-2019-a-19h-maison-de-larchitecture-idf\/","og_locale":"fr_FR","og_type":"article","og_title":"Jeudi 17 janvier 2019 \u00e0 19h \u2013 Maison de l\u2019Architecture IDF &#8211; ArchiBat Mag","og_description":"Le BIM hors de l&rsquo;agence &nbsp; Y a-t-il pour les architectes une demande BIM en dehors de l&rsquo;agence ? Quelles sont ces entreprises ? Pour\u2026","og_url":"https:\/\/archibat.com\/blog\/jeudi-17-janvier-2019-a-19h-maison-de-larchitecture-idf\/","og_site_name":"ArchiBat Mag","article_published_time":"2019-01-14T17:19:28+00:00","article_modified_time":"2022-10-24T14:53:16+00:00","og_image":[{"width":2560,"height":1877,"url":"https:\/\/archibat.com\/blog\/wp-content\/uploads\/2019\/01\/FINAL-APP2-01-2-scaled.jpg","type":"image\/jpeg"}],"author":"communication","twitter_card":"summary_large_image","twitter_misc":{"\u00c9crit par":"communication","Dur\u00e9e de lecture estim\u00e9e":"1 minute"},"schema":{"@context":"https:\/\/schema.org","@graph":[{"@type":"WebPage","@id":"https:\/\/archibat.com\/blog\/jeudi-17-janvier-2019-a-19h-maison-de-larchitecture-idf\/","url":"https:\/\/archibat.com\/blog\/jeudi-17-janvier-2019-a-19h-maison-de-larchitecture-idf\/","name":"Jeudi 17 janvier 2019 \u00e0 19h \u2013 Maison de l\u2019Architecture IDF &#8211; ArchiBat Mag","isPartOf":{"@id":"https:\/\/archibat.com\/blog\/#website"},"primaryImageOfPage":{"@id":"https:\/\/archibat.com\/blog\/jeudi-17-janvier-2019-a-19h-maison-de-larchitecture-idf\/#primaryimage"},"image":{"@id":"https:\/\/archibat.com\/blog\/jeudi-17-janvier-2019-a-19h-maison-de-larchitecture-idf\/#primaryimage"},"thumbnailUrl":"https:\/\/archibat.com\/blog\/wp-content\/uploads\/2019\/01\/FINAL-APP2-01-2-scaled.jpg","datePublished":"2019-01-14T17:19:28+00:00","dateModified":"2022-10-24T14:53:16+00:00","author":{"@id":"https:\/\/archibat.com\/blog\/#\/schema\/person\/c246f0d63b5e719c2cbe4f9bd494bf12"},"breadcrumb":{"@id":"https:\/\/archibat.com\/blog\/jeudi-17-janvier-2019-a-19h-maison-de-larchitecture-idf\/#breadcrumb"},"inLanguage":"fr-FR","potentialAction":[{"@type":"ReadAction","target":["https:\/\/archibat.com\/blog\/jeudi-17-janvier-2019-a-19h-maison-de-larchitecture-idf\/"]}]},{"@type":"ImageObject","inLanguage":"fr-FR","@id":"https:\/\/archibat.com\/blog\/jeudi-17-janvier-2019-a-19h-maison-de-larchitecture-idf\/#primaryimage","url":"https:\/\/archibat.com\/blog\/wp-content\/uploads\/2019\/01\/FINAL-APP2-01-2-scaled.jpg","contentUrl":"https:\/\/archibat.com\/blog\/wp-content\/uploads\/2019\/01\/FINAL-APP2-01-2-scaled.jpg","width":2560,"height":1877},{"@type":"BreadcrumbList","@id":"https:\/\/archibat.com\/blog\/jeudi-17-janvier-2019-a-19h-maison-de-larchitecture-idf\/#breadcrumb","itemListElement":[{"@type":"ListItem","position":1,"name":"Home","item":"https:\/\/archibat.com\/blog\/"},{"@type":"ListItem","position":2,"name":"Jeudi 17 janvier 2019 \u00e0 19h \u2013 Maison de l\u2019Architecture IDF"}]},{"@type":"WebSite","@id":"https:\/\/archibat.com\/blog\/#website","url":"https:\/\/archibat.com\/blog\/","name":"ArchiBat Mag","description":"Vous souhaitez connaitre les derni\u00e8res actualit\u00e9s sur l\u2019Architecture, le Design ou les Ressources Humaines ? D\u00e9couvrez ArchiBat Mag, le magazine d\u00e9di\u00e9 aux m\u00e9tiers de l&#039;Architecture et de l&#039;Ing\u00e9nierie.","potentialAction":[{"@type":"SearchAction","target":{"@type":"EntryPoint","urlTemplate":"https:\/\/archibat.com\/blog\/?s={search_term_string}"},"query-input":{"@type":"PropertyValueSpecification","valueRequired":true,"valueName":"search_term_string"}}],"inLanguage":"fr-FR"},{"@type":"Person","@id":"https:\/\/archibat.com\/blog\/#\/schema\/person\/c246f0d63b5e719c2cbe4f9bd494bf12","name":"communication"}]}},"_links":{"self":[{"href":"https:\/\/archibat.com\/blog\/wp-json\/wp\/v2\/posts\/8949","targetHints":{"allow":["GET"]}}],"collection":[{"href":"https:\/\/archibat.com\/blog\/wp-json\/wp\/v2\/posts"}],"about":[{"href":"https:\/\/archibat.com\/blog\/wp-json\/wp\/v2\/types\/post"}],"author":[{"embeddable":true,"href":"https:\/\/archibat.com\/blog\/wp-json\/wp\/v2\/users\/2"}],"replies":[{"embeddable":true,"href":"https:\/\/archibat.com\/blog\/wp-json\/wp\/v2\/comments?post=8949"}],"version-history":[{"count":3,"href":"https:\/\/archibat.com\/blog\/wp-json\/wp\/v2\/posts\/8949\/revisions"}],"predecessor-version":[{"id":8956,"href":"https:\/\/archibat.com\/blog\/wp-json\/wp\/v2\/posts\/8949\/revisions\/8956"}],"wp:featuredmedia":[{"embeddable":true,"href":"https:\/\/archibat.com\/blog\/wp-json\/wp\/v2\/media\/8957"}],"wp:attachment":[{"href":"https:\/\/archibat.com\/blog\/wp-json\/wp\/v2\/media?parent=8949"}],"wp:term":[{"taxonomy":"category","embeddable":true,"href":"https:\/\/archibat.com\/blog\/wp-json\/wp\/v2\/categories?post=8949"},{"taxonomy":"post_tag","embeddable":true,"href":"https:\/\/archibat.com\/blog\/wp-json\/wp\/v2\/tags?post=8949"}],"curies":[{"name":"wp","href":"https:\/\/api.w.org\/{rel}","templated":true}]}}