{"id":8961,"date":"2019-01-18T17:23:16","date_gmt":"2019-01-18T16:23:16","guid":{"rendered":"https:\/\/www.archibat.com\/blog\/?p=8961"},"modified":"2019-01-18T17:25:45","modified_gmt":"2019-01-18T16:25:45","slug":"la-renaissance-de-lemblematique-azure-window","status":"publish","type":"post","link":"https:\/\/archibat.com\/blog\/la-renaissance-de-lemblematique-azure-window\/","title":{"rendered":"La renaissance de l&#8217;embl\u00e9matique \u00ab\u00a0Azure Window\u00a0\u00bb"},"content":{"rendered":"<p>La c\u00e9l\u00e8bre \u00ab\u00a0Azure Window\u00a0\u00bb sur l&rsquo;ile de Gozo \u00e0 Malte faisait le bonheur des photographes. Elle s&rsquo;est effondr\u00e9e, au grand dam de ses ressortissants, suite \u00e0 la temp\u00eate de 2017. Pour rem\u00e9dier \u00e0 cette triste attaque de dame nature, l\u2019architecte russe Svetozar Andreev \u00e0 d\u00e9voil\u00e9 sa version de la nouvelle arche en acier miroitant, pour remplacer la pr\u00e9c\u00e9dente.<\/p>\n<p><img loading=\"lazy\" decoding=\"async\" class=\"alignnone size-large wp-image-8968\" src=\"https:\/\/www.archibat.com\/blog\/wp-content\/uploads\/2019\/01\/13-720x291.jpg\" alt=\"\" width=\"720\" height=\"291\" srcset=\"https:\/\/archibat.com\/blog\/wp-content\/uploads\/2019\/01\/13-720x291.jpg 720w, https:\/\/archibat.com\/blog\/wp-content\/uploads\/2019\/01\/13-300x121.jpg 300w, https:\/\/archibat.com\/blog\/wp-content\/uploads\/2019\/01\/13-768x310.jpg 768w, https:\/\/archibat.com\/blog\/wp-content\/uploads\/2019\/01\/13.jpg 1240w\" sizes=\"auto, (max-width: 720px) 100vw, 720px\" \/><\/p>\n<p>La volum\u00e9trie reprend les m\u00eames dimensions et proportions que l\u2019arc d\u2019origine en calcaire mais il sera construit en mat\u00e9riaux r\u00e9sistant \u00e0 la corrosion. Mais \u00e0 la diff\u00e9rence de la pr\u00e9c\u00e9dente \u00ab\u00a0Azure Window\u00a0\u00bb, la nouvelle version permettra de d\u00e9ployer en son sein un espace d\u2019expositions de 5 \u00e9tages, tous reli\u00e9s par un escalier central h\u00e9lico\u00efdal.<\/p>\n<p><img loading=\"lazy\" decoding=\"async\" class=\"alignnone size-large wp-image-8964\" src=\"https:\/\/www.archibat.com\/blog\/wp-content\/uploads\/2019\/01\/4-720x395.jpg\" alt=\"\" width=\"720\" height=\"395\" srcset=\"https:\/\/archibat.com\/blog\/wp-content\/uploads\/2019\/01\/4-720x395.jpg 720w, https:\/\/archibat.com\/blog\/wp-content\/uploads\/2019\/01\/4-300x164.jpg 300w, https:\/\/archibat.com\/blog\/wp-content\/uploads\/2019\/01\/4.jpg 730w\" sizes=\"auto, (max-width: 720px) 100vw, 720px\" \/><\/p>\n<p>Cet espace s\u2019articule sur une surface de 5000 m\u00b2 et pourrait redonner un bel \u00e9lan au tourisme dans cette r\u00e9gion. Il constituerait un nouveau point de rep\u00e8re architectural et culturel le long de la c\u00f4te, et deviendrait \u00e0 coup s\u00fbr un nouveau spot pour les photographes d\u2019Instagram.<\/p>\n<p><img loading=\"lazy\" decoding=\"async\" class=\"alignnone size-large wp-image-8972\" src=\"https:\/\/www.archibat.com\/blog\/wp-content\/uploads\/2019\/01\/15-720x290.jpg\" alt=\"\" width=\"720\" height=\"290\" srcset=\"https:\/\/archibat.com\/blog\/wp-content\/uploads\/2019\/01\/15-720x290.jpg 720w, https:\/\/archibat.com\/blog\/wp-content\/uploads\/2019\/01\/15-300x121.jpg 300w, https:\/\/archibat.com\/blog\/wp-content\/uploads\/2019\/01\/15-768x310.jpg 768w, https:\/\/archibat.com\/blog\/wp-content\/uploads\/2019\/01\/15.jpg 1240w\" sizes=\"auto, (max-width: 720px) 100vw, 720px\" \/><\/p>\n<p>Ce projet est issu d\u2019une collaboration entre l\u2019architecte russe et Elena Britanishskaya, o\u00f9 chacun avait \u00e0 coeur de concevoir un design qui symbolise \u00ab\u00a0la fusion de la modernit\u00e9 et de la nature, du temps et de l&rsquo;histoire et un t\u00e9moignage de la t\u00e9nacit\u00e9 de l&rsquo;esprit humain.\u00a0\u00bb Pour l&rsquo;instant cela reste au stade du projet. Cette nouvelle arche serait approuv\u00e9e par 68% des habitants, contre 32% qui pensent que ce projet pourrait d\u00e9naturer le paysage authentique de Gozo. Esp\u00e9rons que d&rsquo;autres achitectes seront invit\u00e9s \u00e0 s&rsquo;exprimer&#8230;<\/p>\n<p><img loading=\"lazy\" decoding=\"async\" class=\"alignnone size-large wp-image-8974\" src=\"https:\/\/www.archibat.com\/blog\/wp-content\/uploads\/2019\/01\/556-720x308.jpg\" alt=\"\" width=\"720\" height=\"308\" srcset=\"https:\/\/archibat.com\/blog\/wp-content\/uploads\/2019\/01\/556-720x308.jpg 720w, https:\/\/archibat.com\/blog\/wp-content\/uploads\/2019\/01\/556-300x128.jpg 300w, https:\/\/archibat.com\/blog\/wp-content\/uploads\/2019\/01\/556-768x328.jpg 768w, https:\/\/archibat.com\/blog\/wp-content\/uploads\/2019\/01\/556-1536x656.jpg 1536w, https:\/\/archibat.com\/blog\/wp-content\/uploads\/2019\/01\/556.jpg 1582w\" sizes=\"auto, (max-width: 720px) 100vw, 720px\" \/><img loading=\"lazy\" decoding=\"async\" class=\"alignnone size-large wp-image-8976\" src=\"https:\/\/www.archibat.com\/blog\/wp-content\/uploads\/2019\/01\/1244-720x368.jpg\" alt=\"\" width=\"720\" height=\"368\" srcset=\"https:\/\/archibat.com\/blog\/wp-content\/uploads\/2019\/01\/1244-720x368.jpg 720w, https:\/\/archibat.com\/blog\/wp-content\/uploads\/2019\/01\/1244-300x153.jpg 300w, https:\/\/archibat.com\/blog\/wp-content\/uploads\/2019\/01\/1244-768x392.jpg 768w, https:\/\/archibat.com\/blog\/wp-content\/uploads\/2019\/01\/1244.jpg 840w\" sizes=\"auto, (max-width: 720px) 100vw, 720px\" \/><\/p>\n<p><img loading=\"lazy\" decoding=\"async\" class=\"alignnone size-large wp-image-8966\" src=\"https:\/\/www.archibat.com\/blog\/wp-content\/uploads\/2019\/01\/12-720x405.jpg\" alt=\"\" width=\"720\" height=\"405\" srcset=\"https:\/\/archibat.com\/blog\/wp-content\/uploads\/2019\/01\/12-720x405.jpg 720w, https:\/\/archibat.com\/blog\/wp-content\/uploads\/2019\/01\/12-300x169.jpg 300w, https:\/\/archibat.com\/blog\/wp-content\/uploads\/2019\/01\/12-768x432.jpg 768w, https:\/\/archibat.com\/blog\/wp-content\/uploads\/2019\/01\/12.jpg 980w\" sizes=\"auto, (max-width: 720px) 100vw, 720px\" \/><img loading=\"lazy\" decoding=\"async\" class=\"alignnone size-large wp-image-8970\" src=\"https:\/\/www.archibat.com\/blog\/wp-content\/uploads\/2019\/01\/14-720x291.jpg\" alt=\"\" width=\"720\" height=\"291\" srcset=\"https:\/\/archibat.com\/blog\/wp-content\/uploads\/2019\/01\/14-720x291.jpg 720w, https:\/\/archibat.com\/blog\/wp-content\/uploads\/2019\/01\/14-300x121.jpg 300w, https:\/\/archibat.com\/blog\/wp-content\/uploads\/2019\/01\/14-768x310.jpg 768w, https:\/\/archibat.com\/blog\/wp-content\/uploads\/2019\/01\/14.jpg 1240w\" sizes=\"auto, (max-width: 720px) 100vw, 720px\" \/><\/p>\n<div style=\"width: 1280px;\" class=\"wp-video\"><!--[if lt IE 9]><script>document.createElement('video');<\/script><![endif]-->\n<video class=\"wp-video-shortcode\" id=\"video-8961-1\" width=\"1280\" height=\"720\" preload=\"metadata\" controls=\"controls\"><source type=\"video\/mp4\" src=\"https:\/\/www.archibat.com\/blog\/wp-content\/uploads\/2019\/01\/THE-HEART-OF-MALTA-Project-By-The-Svetozar-Andreev-Studio-.mp4?_=1\" \/><a href=\"https:\/\/www.archibat.com\/blog\/wp-content\/uploads\/2019\/01\/THE-HEART-OF-MALTA-Project-By-The-Svetozar-Andreev-Studio-.mp4\">https:\/\/www.archibat.com\/blog\/wp-content\/uploads\/2019\/01\/THE-HEART-OF-MALTA-Project-By-The-Svetozar-Andreev-Studio-.mp4<\/a><\/video><\/div>\n","protected":false},"excerpt":{"rendered":"<p>La c\u00e9l\u00e8bre \u00ab\u00a0Azure Window\u00a0\u00bb sur l&rsquo;ile de Gozo \u00e0 Malte faisait le bonheur des photographes. Elle s&rsquo;est effondr\u00e9e, au grand dam de ses ressortissants, suite\u2026<\/p>\n","protected":false},"author":2,"featured_media":8986,"comment_status":"closed","ping_status":"closed","sticky":false,"template":"","format":"standard","meta":{"_acf_changed":false,"footnotes":""},"categories":[3],"tags":[1240,2209,1228,2210],"class_list":["post-8961","post","type-post","status-publish","format-standard","has-post-thumbnail","hentry","category-architecture-et-design","tag-architecture-2","tag-azure-window","tag-design","tag-svetozar-andreev"],"acf":[],"yoast_head":"<!-- This site is optimized with the Yoast SEO plugin v24.8.1 - https:\/\/yoast.com\/wordpress\/plugins\/seo\/ -->\n<title>La renaissance de l&#039;embl\u00e9matique &quot;Azure Window&quot; &#8211; ArchiBat Mag<\/title>\n<meta name=\"robots\" content=\"index, follow, max-snippet:-1, max-image-preview:large, max-video-preview:-1\" \/>\n<link rel=\"canonical\" href=\"https:\/\/archibat.com\/blog\/la-renaissance-de-lemblematique-azure-window\/\" \/>\n<meta property=\"og:locale\" content=\"fr_FR\" \/>\n<meta property=\"og:type\" content=\"article\" \/>\n<meta property=\"og:title\" content=\"La renaissance de l&#039;embl\u00e9matique &quot;Azure Window&quot; &#8211; ArchiBat Mag\" \/>\n<meta property=\"og:description\" content=\"La c\u00e9l\u00e8bre \u00ab\u00a0Azure Window\u00a0\u00bb sur l&rsquo;ile de Gozo \u00e0 Malte faisait le bonheur des photographes. Elle s&rsquo;est effondr\u00e9e, au grand dam de ses ressortissants, suite\u2026\" \/>\n<meta property=\"og:url\" content=\"https:\/\/archibat.com\/blog\/la-renaissance-de-lemblematique-azure-window\/\" \/>\n<meta property=\"og:site_name\" content=\"ArchiBat Mag\" \/>\n<meta property=\"article:published_time\" content=\"2019-01-18T16:23:16+00:00\" \/>\n<meta property=\"article:modified_time\" content=\"2019-01-18T16:25:45+00:00\" \/>\n<meta property=\"og:image\" content=\"https:\/\/archibat.com\/blog\/wp-content\/uploads\/2019\/01\/2-2.jpg\" \/>\n\t<meta property=\"og:image:width\" content=\"1000\" \/>\n\t<meta property=\"og:image:height\" content=\"571\" \/>\n\t<meta property=\"og:image:type\" content=\"image\/jpeg\" \/>\n<meta name=\"author\" content=\"communication\" \/>\n<meta name=\"twitter:card\" content=\"summary_large_image\" \/>\n<meta name=\"twitter:label1\" content=\"\u00c9crit par\" \/>\n\t<meta name=\"twitter:data1\" content=\"communication\" \/>\n\t<meta name=\"twitter:label2\" content=\"Dur\u00e9e de lecture estim\u00e9e\" \/>\n\t<meta name=\"twitter:data2\" content=\"1 minute\" \/>\n<script type=\"application\/ld+json\" class=\"yoast-schema-graph\">{\"@context\":\"https:\/\/schema.org\",\"@graph\":[{\"@type\":\"WebPage\",\"@id\":\"https:\/\/archibat.com\/blog\/la-renaissance-de-lemblematique-azure-window\/\",\"url\":\"https:\/\/archibat.com\/blog\/la-renaissance-de-lemblematique-azure-window\/\",\"name\":\"La renaissance de l'embl\u00e9matique \\\"Azure Window\\\" &#8211; ArchiBat Mag\",\"isPartOf\":{\"@id\":\"https:\/\/archibat.com\/blog\/#website\"},\"primaryImageOfPage\":{\"@id\":\"https:\/\/archibat.com\/blog\/la-renaissance-de-lemblematique-azure-window\/#primaryimage\"},\"image\":{\"@id\":\"https:\/\/archibat.com\/blog\/la-renaissance-de-lemblematique-azure-window\/#primaryimage\"},\"thumbnailUrl\":\"https:\/\/archibat.com\/blog\/wp-content\/uploads\/2019\/01\/2-2.jpg\",\"datePublished\":\"2019-01-18T16:23:16+00:00\",\"dateModified\":\"2019-01-18T16:25:45+00:00\",\"author\":{\"@id\":\"https:\/\/archibat.com\/blog\/#\/schema\/person\/c246f0d63b5e719c2cbe4f9bd494bf12\"},\"breadcrumb\":{\"@id\":\"https:\/\/archibat.com\/blog\/la-renaissance-de-lemblematique-azure-window\/#breadcrumb\"},\"inLanguage\":\"fr-FR\",\"potentialAction\":[{\"@type\":\"ReadAction\",\"target\":[\"https:\/\/archibat.com\/blog\/la-renaissance-de-lemblematique-azure-window\/\"]}]},{\"@type\":\"ImageObject\",\"inLanguage\":\"fr-FR\",\"@id\":\"https:\/\/archibat.com\/blog\/la-renaissance-de-lemblematique-azure-window\/#primaryimage\",\"url\":\"https:\/\/archibat.com\/blog\/wp-content\/uploads\/2019\/01\/2-2.jpg\",\"contentUrl\":\"https:\/\/archibat.com\/blog\/wp-content\/uploads\/2019\/01\/2-2.jpg\",\"width\":1000,\"height\":571},{\"@type\":\"BreadcrumbList\",\"@id\":\"https:\/\/archibat.com\/blog\/la-renaissance-de-lemblematique-azure-window\/#breadcrumb\",\"itemListElement\":[{\"@type\":\"ListItem\",\"position\":1,\"name\":\"Home\",\"item\":\"https:\/\/archibat.com\/blog\/\"},{\"@type\":\"ListItem\",\"position\":2,\"name\":\"La renaissance de l&#8217;embl\u00e9matique \u00ab\u00a0Azure Window\u00a0\u00bb\"}]},{\"@type\":\"WebSite\",\"@id\":\"https:\/\/archibat.com\/blog\/#website\",\"url\":\"https:\/\/archibat.com\/blog\/\",\"name\":\"ArchiBat Mag\",\"description\":\"Vous souhaitez connaitre les derni\u00e8res actualit\u00e9s sur l\u2019Architecture, le Design ou les Ressources Humaines ? D\u00e9couvrez ArchiBat Mag, le magazine d\u00e9di\u00e9 aux m\u00e9tiers de l&#039;Architecture et de l&#039;Ing\u00e9nierie.\",\"potentialAction\":[{\"@type\":\"SearchAction\",\"target\":{\"@type\":\"EntryPoint\",\"urlTemplate\":\"https:\/\/archibat.com\/blog\/?s={search_term_string}\"},\"query-input\":{\"@type\":\"PropertyValueSpecification\",\"valueRequired\":true,\"valueName\":\"search_term_string\"}}],\"inLanguage\":\"fr-FR\"},{\"@type\":\"Person\",\"@id\":\"https:\/\/archibat.com\/blog\/#\/schema\/person\/c246f0d63b5e719c2cbe4f9bd494bf12\",\"name\":\"communication\"}]}<\/script>\n<!-- \/ Yoast SEO plugin. -->","yoast_head_json":{"title":"La renaissance de l'embl\u00e9matique \"Azure Window\" &#8211; ArchiBat Mag","robots":{"index":"index","follow":"follow","max-snippet":"max-snippet:-1","max-image-preview":"max-image-preview:large","max-video-preview":"max-video-preview:-1"},"canonical":"https:\/\/archibat.com\/blog\/la-renaissance-de-lemblematique-azure-window\/","og_locale":"fr_FR","og_type":"article","og_title":"La renaissance de l'embl\u00e9matique \"Azure Window\" &#8211; ArchiBat Mag","og_description":"La c\u00e9l\u00e8bre \u00ab\u00a0Azure Window\u00a0\u00bb sur l&rsquo;ile de Gozo \u00e0 Malte faisait le bonheur des photographes. Elle s&rsquo;est effondr\u00e9e, au grand dam de ses ressortissants, suite\u2026","og_url":"https:\/\/archibat.com\/blog\/la-renaissance-de-lemblematique-azure-window\/","og_site_name":"ArchiBat Mag","article_published_time":"2019-01-18T16:23:16+00:00","article_modified_time":"2019-01-18T16:25:45+00:00","og_image":[{"width":1000,"height":571,"url":"https:\/\/archibat.com\/blog\/wp-content\/uploads\/2019\/01\/2-2.jpg","type":"image\/jpeg"}],"author":"communication","twitter_card":"summary_large_image","twitter_misc":{"\u00c9crit par":"communication","Dur\u00e9e de lecture estim\u00e9e":"1 minute"},"schema":{"@context":"https:\/\/schema.org","@graph":[{"@type":"WebPage","@id":"https:\/\/archibat.com\/blog\/la-renaissance-de-lemblematique-azure-window\/","url":"https:\/\/archibat.com\/blog\/la-renaissance-de-lemblematique-azure-window\/","name":"La renaissance de l'embl\u00e9matique \"Azure Window\" &#8211; ArchiBat Mag","isPartOf":{"@id":"https:\/\/archibat.com\/blog\/#website"},"primaryImageOfPage":{"@id":"https:\/\/archibat.com\/blog\/la-renaissance-de-lemblematique-azure-window\/#primaryimage"},"image":{"@id":"https:\/\/archibat.com\/blog\/la-renaissance-de-lemblematique-azure-window\/#primaryimage"},"thumbnailUrl":"https:\/\/archibat.com\/blog\/wp-content\/uploads\/2019\/01\/2-2.jpg","datePublished":"2019-01-18T16:23:16+00:00","dateModified":"2019-01-18T16:25:45+00:00","author":{"@id":"https:\/\/archibat.com\/blog\/#\/schema\/person\/c246f0d63b5e719c2cbe4f9bd494bf12"},"breadcrumb":{"@id":"https:\/\/archibat.com\/blog\/la-renaissance-de-lemblematique-azure-window\/#breadcrumb"},"inLanguage":"fr-FR","potentialAction":[{"@type":"ReadAction","target":["https:\/\/archibat.com\/blog\/la-renaissance-de-lemblematique-azure-window\/"]}]},{"@type":"ImageObject","inLanguage":"fr-FR","@id":"https:\/\/archibat.com\/blog\/la-renaissance-de-lemblematique-azure-window\/#primaryimage","url":"https:\/\/archibat.com\/blog\/wp-content\/uploads\/2019\/01\/2-2.jpg","contentUrl":"https:\/\/archibat.com\/blog\/wp-content\/uploads\/2019\/01\/2-2.jpg","width":1000,"height":571},{"@type":"BreadcrumbList","@id":"https:\/\/archibat.com\/blog\/la-renaissance-de-lemblematique-azure-window\/#breadcrumb","itemListElement":[{"@type":"ListItem","position":1,"name":"Home","item":"https:\/\/archibat.com\/blog\/"},{"@type":"ListItem","position":2,"name":"La renaissance de l&#8217;embl\u00e9matique \u00ab\u00a0Azure Window\u00a0\u00bb"}]},{"@type":"WebSite","@id":"https:\/\/archibat.com\/blog\/#website","url":"https:\/\/archibat.com\/blog\/","name":"ArchiBat Mag","description":"Vous souhaitez connaitre les derni\u00e8res actualit\u00e9s sur l\u2019Architecture, le Design ou les Ressources Humaines ? D\u00e9couvrez ArchiBat Mag, le magazine d\u00e9di\u00e9 aux m\u00e9tiers de l&#039;Architecture et de l&#039;Ing\u00e9nierie.","potentialAction":[{"@type":"SearchAction","target":{"@type":"EntryPoint","urlTemplate":"https:\/\/archibat.com\/blog\/?s={search_term_string}"},"query-input":{"@type":"PropertyValueSpecification","valueRequired":true,"valueName":"search_term_string"}}],"inLanguage":"fr-FR"},{"@type":"Person","@id":"https:\/\/archibat.com\/blog\/#\/schema\/person\/c246f0d63b5e719c2cbe4f9bd494bf12","name":"communication"}]}},"_links":{"self":[{"href":"https:\/\/archibat.com\/blog\/wp-json\/wp\/v2\/posts\/8961","targetHints":{"allow":["GET"]}}],"collection":[{"href":"https:\/\/archibat.com\/blog\/wp-json\/wp\/v2\/posts"}],"about":[{"href":"https:\/\/archibat.com\/blog\/wp-json\/wp\/v2\/types\/post"}],"author":[{"embeddable":true,"href":"https:\/\/archibat.com\/blog\/wp-json\/wp\/v2\/users\/2"}],"replies":[{"embeddable":true,"href":"https:\/\/archibat.com\/blog\/wp-json\/wp\/v2\/comments?post=8961"}],"version-history":[{"count":3,"href":"https:\/\/archibat.com\/blog\/wp-json\/wp\/v2\/posts\/8961\/revisions"}],"predecessor-version":[{"id":8985,"href":"https:\/\/archibat.com\/blog\/wp-json\/wp\/v2\/posts\/8961\/revisions\/8985"}],"wp:featuredmedia":[{"embeddable":true,"href":"https:\/\/archibat.com\/blog\/wp-json\/wp\/v2\/media\/8986"}],"wp:attachment":[{"href":"https:\/\/archibat.com\/blog\/wp-json\/wp\/v2\/media?parent=8961"}],"wp:term":[{"taxonomy":"category","embeddable":true,"href":"https:\/\/archibat.com\/blog\/wp-json\/wp\/v2\/categories?post=8961"},{"taxonomy":"post_tag","embeddable":true,"href":"https:\/\/archibat.com\/blog\/wp-json\/wp\/v2\/tags?post=8961"}],"curies":[{"name":"wp","href":"https:\/\/api.w.org\/{rel}","templated":true}]}}