{"id":928,"date":"2015-07-29T09:40:43","date_gmt":"2015-07-29T08:40:43","guid":{"rendered":"https:\/\/www.archibat.com\/blog\/?p=928"},"modified":"2018-10-30T16:45:33","modified_gmt":"2018-10-30T15:45:33","slug":"photographie-professionnelle-la-meilleure-arme-des-architectes","status":"publish","type":"post","link":"https:\/\/archibat.com\/blog\/photographie-professionnelle-la-meilleure-arme-des-architectes\/","title":{"rendered":"Photographie professionnelle\u00a0: la meilleure arme des architectes\u00a0!"},"content":{"rendered":"<h2>Pourquoi la photo pro ?<\/h2>\n<p>Saviez-vous qu&rsquo;une photo professionnelle d&rsquo;une maison\/appartement augmentait de pr\u00e8s de 63% le nombre de vues sur une page internet ? Un simple d\u00e9tail peut tout changer. Des clich\u00e9s de meilleure qualit\u00e9 aident le potentiel client \u00e0 visualiser le bien sous son meilleur profil, et donc attirent mieux son attention. C&rsquo;est d&rsquo;autant plus vrai pour l&rsquo;architecture. Les photos sont la vitrine du travail d&rsquo;un architecte. Or beaucoup ignorent l&rsquo;importance d&rsquo;un photo de qualit\u00e9 pour mettre en valeur leurs r\u00e9alisations. Un photographe sait apporter le niveau de d\u00e9tail n\u00e9cessaire aux prises de vue d&rsquo;un projet d&rsquo;architecture, car il poss\u00e8de le mat\u00e9riel ad\u00e9quat pour ne pas d\u00e9former les perspectives et jouer avec la lumi\u00e8re pour apporter un rendu naturel et fid\u00e8le \u00e0 la r\u00e9alit\u00e9. Cependant, faire appel \u00e0 un photographe d&rsquo;int\u00e9rieur peut se r\u00e9v\u00e9ler fastidieux. Entre le nombre de professionnels, les variations de tarifs appliqu\u00e9s et les disponibilit\u00e9s, trouver le partenaire id\u00e9al pour ses photos peut \u00eatre un v\u00e9ritable parcours du combattant.<\/p>\n<h2>Meero, la nouvelle g\u00e9n\u00e9ration de la photographie d&rsquo;architecture<\/h2>\n<p>Jeune start-up fond\u00e9e en 2014, Meero r\u00e9pond \u00e0 toutes les probl\u00e9matiques auxquelles peut \u00eatre confront\u00e9 un professionnel de l&rsquo;architecture et du design. Son \u00e9quipe d&rsquo;une dizaine de photographes s&rsquo;adapte \u00e0 votre planning et se d\u00e9place sur le lieu de votre choix, \u00e0 la date et \u00e0 l&rsquo;heure qui vous conviennent. Les prises de vue r\u00e9alis\u00e9es sont ensuite retouch\u00e9es afin de garantir la meilleure qualit\u00e9 du march\u00e9 et le m\u00eame rendu d&rsquo;un reportage photos \u00e0 un autre, puis vous sont livr\u00e9es sous 48h. Le plus : un tarif unique de 75 \u20ac HT pour 12 photos HD, peu importe la surface \u00e0 photographier ! Les photos Meero conviennent pour tous les professionnels d\u00e9sirant mettre en valeur un bien immobilier ou une r\u00e9alisation, d&rsquo;int\u00e9rieur comme d&rsquo;ext\u00e9rieur. Elles sont id\u00e9ales pour illustrer votre site Internet\/blog, vos pages sur les r\u00e9seaux sociaux, vos books&#8230; car elles retranscrivent fid\u00e8lement la qualit\u00e9 de votre travail.<\/p>\n<p><img loading=\"lazy\" decoding=\"async\" class=\"alignnone size-full wp-image-930\" src=\"https:\/\/www.archibat.com\/blog\/wp-content\/uploads\/2015\/07\/meero-1-2.jpg\" alt=\"meero\" width=\"635\" height=\"385\" srcset=\"https:\/\/archibat.com\/blog\/wp-content\/uploads\/2015\/07\/meero-1-2.jpg 635w, https:\/\/archibat.com\/blog\/wp-content\/uploads\/2015\/07\/meero-1-2-300x182.jpg 300w\" sizes=\"auto, (max-width: 635px) 100vw, 635px\" \/><\/p>\n<p><img loading=\"lazy\" decoding=\"async\" class=\"alignnone size-full wp-image-931\" src=\"https:\/\/www.archibat.com\/blog\/wp-content\/uploads\/2015\/07\/MEERO-2-2.jpg\" alt=\"meero\" width=\"635\" height=\"357\" srcset=\"https:\/\/archibat.com\/blog\/wp-content\/uploads\/2015\/07\/MEERO-2-2.jpg 635w, https:\/\/archibat.com\/blog\/wp-content\/uploads\/2015\/07\/MEERO-2-2-300x169.jpg 300w\" sizes=\"auto, (max-width: 635px) 100vw, 635px\" \/><\/p>\n<p><img loading=\"lazy\" decoding=\"async\" class=\"alignnone size-full wp-image-932\" src=\"https:\/\/www.archibat.com\/blog\/wp-content\/uploads\/2015\/07\/MEERO-3-2.jpg\" alt=\"meero\" width=\"635\" height=\"388\" srcset=\"https:\/\/archibat.com\/blog\/wp-content\/uploads\/2015\/07\/MEERO-3-2.jpg 635w, https:\/\/archibat.com\/blog\/wp-content\/uploads\/2015\/07\/MEERO-3-2-300x183.jpg 300w\" sizes=\"auto, (max-width: 635px) 100vw, 635px\" \/><\/p>\n<p><img loading=\"lazy\" decoding=\"async\" class=\"alignnone size-full wp-image-933\" src=\"https:\/\/www.archibat.com\/blog\/wp-content\/uploads\/2015\/07\/MEERO-4-2.jpg\" alt=\"MEERO\" width=\"634\" height=\"391\" srcset=\"https:\/\/archibat.com\/blog\/wp-content\/uploads\/2015\/07\/MEERO-4-2.jpg 634w, https:\/\/archibat.com\/blog\/wp-content\/uploads\/2015\/07\/MEERO-4-2-300x185.jpg 300w\" sizes=\"auto, (max-width: 634px) 100vw, 634px\" \/><\/p>\n<p><img loading=\"lazy\" decoding=\"async\" class=\"alignnone size-full wp-image-934\" src=\"https:\/\/www.archibat.com\/blog\/wp-content\/uploads\/2015\/07\/MEERO-5-2.jpg\" alt=\"meero\" width=\"635\" height=\"373\" srcset=\"https:\/\/archibat.com\/blog\/wp-content\/uploads\/2015\/07\/MEERO-5-2.jpg 635w, https:\/\/archibat.com\/blog\/wp-content\/uploads\/2015\/07\/MEERO-5-2-300x176.jpg 300w\" sizes=\"auto, (max-width: 635px) 100vw, 635px\" \/><\/p>\n<p>Pour plus d&rsquo;informations, visitez leur<a href=\"https:\/\/www.meero.fr\/\"> site Internet<\/a> !<\/p>\n<p>&nbsp;<\/p>\n<p><em><strong>Et vous, que pensez-vous de Meero et de son offre concurrentielle ?<\/strong><\/em><\/p>\n","protected":false},"excerpt":{"rendered":"<p>Pourquoi la photo pro ? Saviez-vous qu&rsquo;une photo professionnelle d&rsquo;une maison\/appartement augmentait de pr\u00e8s de 63% le nombre de vues sur une page internet ?\u2026<\/p>\n","protected":false},"author":2,"featured_media":929,"comment_status":"closed","ping_status":"closed","sticky":false,"template":"","format":"standard","meta":{"_acf_changed":false,"footnotes":""},"categories":[3],"tags":[],"class_list":["post-928","post","type-post","status-publish","format-standard","has-post-thumbnail","hentry","category-architecture-et-design"],"acf":[],"yoast_head":"<!-- This site is optimized with the Yoast SEO plugin v24.8.1 - https:\/\/yoast.com\/wordpress\/plugins\/seo\/ -->\n<title>Photographie professionnelle\u00a0: la meilleure arme des architectes\u00a0! &#8211; ArchiBat Mag<\/title>\n<meta name=\"description\" content=\"Une photo professionnelle d&#039;une maison\/appartement augmenterait de pr\u00e8s de 63% le nombre de vues d&#039;une page internet. Meero, jeune start-up offre ...\" \/>\n<meta name=\"robots\" content=\"index, follow, max-snippet:-1, max-image-preview:large, max-video-preview:-1\" \/>\n<link rel=\"canonical\" href=\"https:\/\/archibat.com\/blog\/photographie-professionnelle-la-meilleure-arme-des-architectes\/\" \/>\n<meta property=\"og:locale\" content=\"fr_FR\" \/>\n<meta property=\"og:type\" content=\"article\" \/>\n<meta property=\"og:title\" content=\"Photographie professionnelle\u00a0: la meilleure arme des architectes\u00a0! &#8211; ArchiBat Mag\" \/>\n<meta property=\"og:description\" content=\"Une photo professionnelle d&#039;une maison\/appartement augmenterait de pr\u00e8s de 63% le nombre de vues d&#039;une page internet. Meero, jeune start-up offre ...\" \/>\n<meta property=\"og:url\" content=\"https:\/\/archibat.com\/blog\/photographie-professionnelle-la-meilleure-arme-des-architectes\/\" \/>\n<meta property=\"og:site_name\" content=\"ArchiBat Mag\" \/>\n<meta property=\"article:published_time\" content=\"2015-07-29T08:40:43+00:00\" \/>\n<meta property=\"article:modified_time\" content=\"2018-10-30T15:45:33+00:00\" \/>\n<meta property=\"og:image\" content=\"https:\/\/archibat.com\/blog\/wp-content\/uploads\/2015\/07\/meero-COUV1-2.jpg\" \/>\n\t<meta property=\"og:image:width\" content=\"635\" \/>\n\t<meta property=\"og:image:height\" content=\"357\" \/>\n\t<meta property=\"og:image:type\" content=\"image\/jpeg\" \/>\n<meta name=\"author\" content=\"communication\" \/>\n<meta name=\"twitter:card\" content=\"summary_large_image\" \/>\n<meta name=\"twitter:label1\" content=\"\u00c9crit par\" \/>\n\t<meta name=\"twitter:data1\" content=\"communication\" \/>\n\t<meta name=\"twitter:label2\" content=\"Dur\u00e9e de lecture estim\u00e9e\" \/>\n\t<meta name=\"twitter:data2\" content=\"2 minutes\" \/>\n<script type=\"application\/ld+json\" class=\"yoast-schema-graph\">{\"@context\":\"https:\/\/schema.org\",\"@graph\":[{\"@type\":\"WebPage\",\"@id\":\"https:\/\/archibat.com\/blog\/photographie-professionnelle-la-meilleure-arme-des-architectes\/\",\"url\":\"https:\/\/archibat.com\/blog\/photographie-professionnelle-la-meilleure-arme-des-architectes\/\",\"name\":\"Photographie professionnelle\u00a0: la meilleure arme des architectes\u00a0! &#8211; ArchiBat Mag\",\"isPartOf\":{\"@id\":\"https:\/\/archibat.com\/blog\/#website\"},\"primaryImageOfPage\":{\"@id\":\"https:\/\/archibat.com\/blog\/photographie-professionnelle-la-meilleure-arme-des-architectes\/#primaryimage\"},\"image\":{\"@id\":\"https:\/\/archibat.com\/blog\/photographie-professionnelle-la-meilleure-arme-des-architectes\/#primaryimage\"},\"thumbnailUrl\":\"https:\/\/archibat.com\/blog\/wp-content\/uploads\/2015\/07\/meero-COUV1-2.jpg\",\"datePublished\":\"2015-07-29T08:40:43+00:00\",\"dateModified\":\"2018-10-30T15:45:33+00:00\",\"author\":{\"@id\":\"https:\/\/archibat.com\/blog\/#\/schema\/person\/c246f0d63b5e719c2cbe4f9bd494bf12\"},\"description\":\"Une photo professionnelle d'une maison\/appartement augmenterait de pr\u00e8s de 63% le nombre de vues d'une page internet. Meero, jeune start-up offre ...\",\"breadcrumb\":{\"@id\":\"https:\/\/archibat.com\/blog\/photographie-professionnelle-la-meilleure-arme-des-architectes\/#breadcrumb\"},\"inLanguage\":\"fr-FR\",\"potentialAction\":[{\"@type\":\"ReadAction\",\"target\":[\"https:\/\/archibat.com\/blog\/photographie-professionnelle-la-meilleure-arme-des-architectes\/\"]}]},{\"@type\":\"ImageObject\",\"inLanguage\":\"fr-FR\",\"@id\":\"https:\/\/archibat.com\/blog\/photographie-professionnelle-la-meilleure-arme-des-architectes\/#primaryimage\",\"url\":\"https:\/\/archibat.com\/blog\/wp-content\/uploads\/2015\/07\/meero-COUV1-2.jpg\",\"contentUrl\":\"https:\/\/archibat.com\/blog\/wp-content\/uploads\/2015\/07\/meero-COUV1-2.jpg\",\"width\":635,\"height\":357,\"caption\":\"MEERO\"},{\"@type\":\"BreadcrumbList\",\"@id\":\"https:\/\/archibat.com\/blog\/photographie-professionnelle-la-meilleure-arme-des-architectes\/#breadcrumb\",\"itemListElement\":[{\"@type\":\"ListItem\",\"position\":1,\"name\":\"Home\",\"item\":\"https:\/\/archibat.com\/blog\/\"},{\"@type\":\"ListItem\",\"position\":2,\"name\":\"Photographie professionnelle\u00a0: la meilleure arme des architectes\u00a0!\"}]},{\"@type\":\"WebSite\",\"@id\":\"https:\/\/archibat.com\/blog\/#website\",\"url\":\"https:\/\/archibat.com\/blog\/\",\"name\":\"ArchiBat Mag\",\"description\":\"Vous souhaitez connaitre les derni\u00e8res actualit\u00e9s sur l\u2019Architecture, le Design ou les Ressources Humaines ? D\u00e9couvrez ArchiBat Mag, le magazine d\u00e9di\u00e9 aux m\u00e9tiers de l&#039;Architecture et de l&#039;Ing\u00e9nierie.\",\"potentialAction\":[{\"@type\":\"SearchAction\",\"target\":{\"@type\":\"EntryPoint\",\"urlTemplate\":\"https:\/\/archibat.com\/blog\/?s={search_term_string}\"},\"query-input\":{\"@type\":\"PropertyValueSpecification\",\"valueRequired\":true,\"valueName\":\"search_term_string\"}}],\"inLanguage\":\"fr-FR\"},{\"@type\":\"Person\",\"@id\":\"https:\/\/archibat.com\/blog\/#\/schema\/person\/c246f0d63b5e719c2cbe4f9bd494bf12\",\"name\":\"communication\"}]}<\/script>\n<!-- \/ Yoast SEO plugin. -->","yoast_head_json":{"title":"Photographie professionnelle\u00a0: la meilleure arme des architectes\u00a0! &#8211; ArchiBat Mag","description":"Une photo professionnelle d'une maison\/appartement augmenterait de pr\u00e8s de 63% le nombre de vues d'une page internet. Meero, jeune start-up offre ...","robots":{"index":"index","follow":"follow","max-snippet":"max-snippet:-1","max-image-preview":"max-image-preview:large","max-video-preview":"max-video-preview:-1"},"canonical":"https:\/\/archibat.com\/blog\/photographie-professionnelle-la-meilleure-arme-des-architectes\/","og_locale":"fr_FR","og_type":"article","og_title":"Photographie professionnelle\u00a0: la meilleure arme des architectes\u00a0! &#8211; ArchiBat Mag","og_description":"Une photo professionnelle d'une maison\/appartement augmenterait de pr\u00e8s de 63% le nombre de vues d'une page internet. Meero, jeune start-up offre ...","og_url":"https:\/\/archibat.com\/blog\/photographie-professionnelle-la-meilleure-arme-des-architectes\/","og_site_name":"ArchiBat Mag","article_published_time":"2015-07-29T08:40:43+00:00","article_modified_time":"2018-10-30T15:45:33+00:00","og_image":[{"width":635,"height":357,"url":"https:\/\/archibat.com\/blog\/wp-content\/uploads\/2015\/07\/meero-COUV1-2.jpg","type":"image\/jpeg"}],"author":"communication","twitter_card":"summary_large_image","twitter_misc":{"\u00c9crit par":"communication","Dur\u00e9e de lecture estim\u00e9e":"2 minutes"},"schema":{"@context":"https:\/\/schema.org","@graph":[{"@type":"WebPage","@id":"https:\/\/archibat.com\/blog\/photographie-professionnelle-la-meilleure-arme-des-architectes\/","url":"https:\/\/archibat.com\/blog\/photographie-professionnelle-la-meilleure-arme-des-architectes\/","name":"Photographie professionnelle\u00a0: la meilleure arme des architectes\u00a0! &#8211; ArchiBat Mag","isPartOf":{"@id":"https:\/\/archibat.com\/blog\/#website"},"primaryImageOfPage":{"@id":"https:\/\/archibat.com\/blog\/photographie-professionnelle-la-meilleure-arme-des-architectes\/#primaryimage"},"image":{"@id":"https:\/\/archibat.com\/blog\/photographie-professionnelle-la-meilleure-arme-des-architectes\/#primaryimage"},"thumbnailUrl":"https:\/\/archibat.com\/blog\/wp-content\/uploads\/2015\/07\/meero-COUV1-2.jpg","datePublished":"2015-07-29T08:40:43+00:00","dateModified":"2018-10-30T15:45:33+00:00","author":{"@id":"https:\/\/archibat.com\/blog\/#\/schema\/person\/c246f0d63b5e719c2cbe4f9bd494bf12"},"description":"Une photo professionnelle d'une maison\/appartement augmenterait de pr\u00e8s de 63% le nombre de vues d'une page internet. Meero, jeune start-up offre ...","breadcrumb":{"@id":"https:\/\/archibat.com\/blog\/photographie-professionnelle-la-meilleure-arme-des-architectes\/#breadcrumb"},"inLanguage":"fr-FR","potentialAction":[{"@type":"ReadAction","target":["https:\/\/archibat.com\/blog\/photographie-professionnelle-la-meilleure-arme-des-architectes\/"]}]},{"@type":"ImageObject","inLanguage":"fr-FR","@id":"https:\/\/archibat.com\/blog\/photographie-professionnelle-la-meilleure-arme-des-architectes\/#primaryimage","url":"https:\/\/archibat.com\/blog\/wp-content\/uploads\/2015\/07\/meero-COUV1-2.jpg","contentUrl":"https:\/\/archibat.com\/blog\/wp-content\/uploads\/2015\/07\/meero-COUV1-2.jpg","width":635,"height":357,"caption":"MEERO"},{"@type":"BreadcrumbList","@id":"https:\/\/archibat.com\/blog\/photographie-professionnelle-la-meilleure-arme-des-architectes\/#breadcrumb","itemListElement":[{"@type":"ListItem","position":1,"name":"Home","item":"https:\/\/archibat.com\/blog\/"},{"@type":"ListItem","position":2,"name":"Photographie professionnelle\u00a0: la meilleure arme des architectes\u00a0!"}]},{"@type":"WebSite","@id":"https:\/\/archibat.com\/blog\/#website","url":"https:\/\/archibat.com\/blog\/","name":"ArchiBat Mag","description":"Vous souhaitez connaitre les derni\u00e8res actualit\u00e9s sur l\u2019Architecture, le Design ou les Ressources Humaines ? D\u00e9couvrez ArchiBat Mag, le magazine d\u00e9di\u00e9 aux m\u00e9tiers de l&#039;Architecture et de l&#039;Ing\u00e9nierie.","potentialAction":[{"@type":"SearchAction","target":{"@type":"EntryPoint","urlTemplate":"https:\/\/archibat.com\/blog\/?s={search_term_string}"},"query-input":{"@type":"PropertyValueSpecification","valueRequired":true,"valueName":"search_term_string"}}],"inLanguage":"fr-FR"},{"@type":"Person","@id":"https:\/\/archibat.com\/blog\/#\/schema\/person\/c246f0d63b5e719c2cbe4f9bd494bf12","name":"communication"}]}},"_links":{"self":[{"href":"https:\/\/archibat.com\/blog\/wp-json\/wp\/v2\/posts\/928","targetHints":{"allow":["GET"]}}],"collection":[{"href":"https:\/\/archibat.com\/blog\/wp-json\/wp\/v2\/posts"}],"about":[{"href":"https:\/\/archibat.com\/blog\/wp-json\/wp\/v2\/types\/post"}],"author":[{"embeddable":true,"href":"https:\/\/archibat.com\/blog\/wp-json\/wp\/v2\/users\/2"}],"replies":[{"embeddable":true,"href":"https:\/\/archibat.com\/blog\/wp-json\/wp\/v2\/comments?post=928"}],"version-history":[{"count":2,"href":"https:\/\/archibat.com\/blog\/wp-json\/wp\/v2\/posts\/928\/revisions"}],"predecessor-version":[{"id":6341,"href":"https:\/\/archibat.com\/blog\/wp-json\/wp\/v2\/posts\/928\/revisions\/6341"}],"wp:featuredmedia":[{"embeddable":true,"href":"https:\/\/archibat.com\/blog\/wp-json\/wp\/v2\/media\/929"}],"wp:attachment":[{"href":"https:\/\/archibat.com\/blog\/wp-json\/wp\/v2\/media?parent=928"}],"wp:term":[{"taxonomy":"category","embeddable":true,"href":"https:\/\/archibat.com\/blog\/wp-json\/wp\/v2\/categories?post=928"},{"taxonomy":"post_tag","embeddable":true,"href":"https:\/\/archibat.com\/blog\/wp-json\/wp\/v2\/tags?post=928"}],"curies":[{"name":"wp","href":"https:\/\/api.w.org\/{rel}","templated":true}]}}