{"id":947,"date":"2015-08-11T08:58:24","date_gmt":"2015-08-11T07:58:24","guid":{"rendered":"https:\/\/www.archibat.com\/blog\/?p=947"},"modified":"2018-11-19T16:14:41","modified_gmt":"2018-11-19T15:14:41","slug":"la-french-touch-autour-du-monde","status":"publish","type":"post","link":"https:\/\/archibat.com\/blog\/la-french-touch-autour-du-monde\/","title":{"rendered":"La French Touch autour du monde"},"content":{"rendered":"<p>La French Touch en architecture pla\u00eet et s&rsquo;exporte \u00e0 l&rsquo;\u00e9tranger ! En Asie, en Am\u00e9rique latine, en Europe, ou encore au Moyen-Orient, les agences fran\u00e7aises sont les concepteurs de nombreuses \u0153uvres architecturales. Nous vous proposons un petit tour du monde de ces r\u00e9alisations.<\/p>\n<h2>La Cit\u00e9 des Arts de Rio de Christian de Portzamparc<\/h2>\n<p>Projet amorc\u00e9 en 2002, le b\u00e2timent n&rsquo;a \u00e9t\u00e9 inaugur\u00e9 qu&rsquo;en 2013 ! Situ\u00e9 dans un environnement constitu\u00e9 d&rsquo;une zone artisanale et commerciale, au croisement de deux autoroutes, la cit\u00e9 des arts constituait un pari risqu\u00e9. Christian Portzamparc a pris le parti pris de la hauteur, en offrant aux spectateurs des vues.<br \/>\n<img loading=\"lazy\" decoding=\"async\" class=\"alignnone size-full wp-image-948\" src=\"https:\/\/www.archibat.com\/blog\/wp-content\/uploads\/2015\/08\/1-portzamparc-2.jpg\" alt=\"architecture french touch\" width=\"635\" height=\"357\" srcset=\"https:\/\/archibat.com\/blog\/wp-content\/uploads\/2015\/08\/1-portzamparc-2.jpg 635w, https:\/\/archibat.com\/blog\/wp-content\/uploads\/2015\/08\/1-portzamparc-2-300x169.jpg 300w\" sizes=\"auto, (max-width: 635px) 100vw, 635px\" \/><\/p>\n<h2>Le r\u00e9sort de luxe Con Dao \u00e0 vocation \u00e9cologique au Vietnam de l&rsquo;agence AW2<\/h2>\n<p>L&rsquo;agence AW2 a construit un complexe de luxe \u00e0 vocation \u00e9cologique sur une \u00eele vietnamienne paradisiaque entre palmiers, eaux turquoises et sable blanc. Ce n&rsquo;est pas la premi\u00e8re r\u00e9alisation de l&rsquo;agence, qui construit en Asie depuis maintenant 18 ans. Afin de prot\u00e9ger la zone de mangroves proche, les architectes ont cherch\u00e9 \u00e0 diminuer au maximum l&#8217;emprise du b\u00e2timent et l&rsquo;imperm\u00e9abilisation des sols.<br \/>\n<img loading=\"lazy\" decoding=\"async\" class=\"alignnone size-full wp-image-949\" src=\"https:\/\/www.archibat.com\/blog\/wp-content\/uploads\/2015\/08\/2-2.jpg\" alt=\"architecture french touch\" width=\"635\" height=\"376\" srcset=\"https:\/\/archibat.com\/blog\/wp-content\/uploads\/2015\/08\/2-2.jpg 635w, https:\/\/archibat.com\/blog\/wp-content\/uploads\/2015\/08\/2-2-300x178.jpg 300w\" sizes=\"auto, (max-width: 635px) 100vw, 635px\" \/><\/p>\n<h2>Le si\u00e8ge de ThyssenKrupp \u00e0 Essen de l&rsquo;agence Chaix &amp; Morel<\/h2>\n<p>Pour son premier chantier \u00e0 l&rsquo;\u00e9tranger, l&rsquo;agence Chaix &amp; Morel d\u00e9croche un projet de 300 millions d&rsquo;euros sur 17 hectares pour ThyssenKrupp. Le programme du concours impliquait l&rsquo;am\u00e9nagement de 17 hectares et la construction d&rsquo;une miniville, enti\u00e8rement d\u00e9di\u00e9e \u00e0 l&rsquo;entreprise.<\/p>\n<p><img loading=\"lazy\" decoding=\"async\" class=\"alignnone size-full wp-image-950\" src=\"https:\/\/www.archibat.com\/blog\/wp-content\/uploads\/2015\/08\/3-2.jpg\" alt=\"architecture french touch\" width=\"635\" height=\"357\" srcset=\"https:\/\/archibat.com\/blog\/wp-content\/uploads\/2015\/08\/3-2.jpg 635w, https:\/\/archibat.com\/blog\/wp-content\/uploads\/2015\/08\/3-2-300x169.jpg 300w\" sizes=\"auto, (max-width: 635px) 100vw, 635px\" \/><\/p>\n<h2>Le Lyc\u00e9e fran\u00e7ais de Damas con\u00e7u par Yves Lion<\/h2>\n<p>Constitu\u00e9 d&rsquo;une suite de pavillons blancs, chacun flanqu\u00e9 d\u2019une chemin\u00e9e orn\u00e9e de panneaux noirs, l&rsquo;\u00e9tablissement con\u00e7u par Yves Lion, inaugur\u00e9 en 2008, accueillait 900 \u00e9l\u00e8ves. Il poursuit sa mission malgr\u00e9 la guerre. Urbaniste autant qu\u2019architecte, Yves Lion a con\u00e7u l\u2019\u00e9cole \u00e0 la fa\u00e7on d\u2019un village.<\/p>\n<p><img loading=\"lazy\" decoding=\"async\" class=\"alignnone size-full wp-image-951\" src=\"https:\/\/www.archibat.com\/blog\/wp-content\/uploads\/2015\/08\/4-2.jpg\" alt=\"architecture french touch\" width=\"635\" height=\"357\" srcset=\"https:\/\/archibat.com\/blog\/wp-content\/uploads\/2015\/08\/4-2.jpg 635w, https:\/\/archibat.com\/blog\/wp-content\/uploads\/2015\/08\/4-2-300x169.jpg 300w\" sizes=\"auto, (max-width: 635px) 100vw, 635px\" \/><\/p>\n<h2>L&rsquo;Universit\u00e9 Ewha \u00e0 S\u00e9oul de Dominique Perrault<\/h2>\n<p>Dominique Perrault a redessin\u00e9 l&rsquo;entr\u00e9e de ce campus de S\u00e9oul, en Cor\u00e9e du Sud, en forme de vall\u00e9e. La voie centrale a \u00e9t\u00e9 con\u00e7u comme un espace public \u00e0 l&rsquo;europ\u00e9enne pour servir de lieu de rassemblement. L\u2019universit\u00e9 Ewha accueille 25.000\u00a0\u00e9l\u00e8ves, uniquement des femmes, et propose plus de 60\u00a0disciplines d&rsquo;enseignement.<\/p>\n<p><img loading=\"lazy\" decoding=\"async\" class=\"alignnone size-full wp-image-952\" src=\"https:\/\/www.archibat.com\/blog\/wp-content\/uploads\/2015\/08\/5-2.jpg\" alt=\"architecture french touch\" width=\"635\" height=\"357\" srcset=\"https:\/\/archibat.com\/blog\/wp-content\/uploads\/2015\/08\/5-2.jpg 635w, https:\/\/archibat.com\/blog\/wp-content\/uploads\/2015\/08\/5-2-300x169.jpg 300w\" sizes=\"auto, (max-width: 635px) 100vw, 635px\" \/><\/p>\n<h2>Le mus\u00e9e McNay de Jean-Paul Viguier \u00e0 San Antonio au Texas<\/h2>\n<p>En hommage aux \u0153uvres de couleurs et de lumi\u00e8re de Gauguin, Matisse ou encore Van Gogh, les ma\u00eetres d\u2019\u0153uvres, Jean-Paul Viguier &amp; Associ\u00e9s ont entrepris l\u2019extension du mus\u00e9e d\u2019art moderne Mc Nay \u00e0 San Antonio, aux Etats-Unis, dans la lumi\u00e8re naturelle.<br \/>\n<img loading=\"lazy\" decoding=\"async\" class=\"alignnone size-full wp-image-953\" src=\"https:\/\/www.archibat.com\/blog\/wp-content\/uploads\/2015\/08\/6-2.jpg\" alt=\"architecture french touch\" width=\"635\" height=\"357\" srcset=\"https:\/\/archibat.com\/blog\/wp-content\/uploads\/2015\/08\/6-2.jpg 635w, https:\/\/archibat.com\/blog\/wp-content\/uploads\/2015\/08\/6-2-300x169.jpg 300w\" sizes=\"auto, (max-width: 635px) 100vw, 635px\" \/><\/p>\n<h2>La National Gallery \u00e0 Singapour\u00a0du studio Milou<\/h2>\n<p>En 2008, StudioMilou architecture remporte le concours visant \u00e0 convertir la Supreme Court et le City Hall de Singapour en une institution d\u00e9di\u00e9e \u00e0 l\u2019art moderne et contemporain. Le projet consiste en une intervention architecturale minimale qui unifie symboliquement les deux b\u00e2timents historiques, et les transforme en un ensemble architectural.<\/p>\n<p><img loading=\"lazy\" decoding=\"async\" class=\"alignnone size-full wp-image-954\" src=\"https:\/\/www.archibat.com\/blog\/wp-content\/uploads\/2015\/08\/7-2.jpg\" alt=\"architecture french touch\" width=\"635\" height=\"357\" srcset=\"https:\/\/archibat.com\/blog\/wp-content\/uploads\/2015\/08\/7-2.jpg 635w, https:\/\/archibat.com\/blog\/wp-content\/uploads\/2015\/08\/7-2-300x169.jpg 300w\" sizes=\"auto, (max-width: 635px) 100vw, 635px\" \/><\/p>\n<h2>Le si\u00e8ge de la soci\u00e9t\u00e9 Triburg \u00e0 Gurgaon en Inde\u00a0de St\u00e9phane Paumier<\/h2>\n<p>Le b\u00e2timent entend d\u00e9finir un nouveau standard, \u00e0 la fois local et durable. Il s&rsquo;inspire \u00e0 la fois des savoir-faire locaux et prend le contre-pied du style international passe-partout.\u00a0Le si\u00e8ge de la compagnie Triburg se trouve dans un faubourg de la ville encore industriel. Ses parois de brique sautent aux yeux parmi les immeubles de bureaux anonymes et leurs fa\u00e7ades de verre miroir.<\/p>\n<p><img loading=\"lazy\" decoding=\"async\" class=\"alignnone size-full wp-image-955\" src=\"https:\/\/www.archibat.com\/blog\/wp-content\/uploads\/2015\/08\/8-2.jpg\" alt=\"architecture french touch\" width=\"635\" height=\"357\" srcset=\"https:\/\/archibat.com\/blog\/wp-content\/uploads\/2015\/08\/8-2.jpg 635w, https:\/\/archibat.com\/blog\/wp-content\/uploads\/2015\/08\/8-2-300x169.jpg 300w\" sizes=\"auto, (max-width: 635px) 100vw, 635px\" \/><\/p>\n<h2>Le Centre de design de Hong Kong l&rsquo;agence lilloise Coldefy<\/h2>\n<p class=\"DecimalAligned split\">La jeune agence lilloise Coldefy a sign\u00e9 ce b\u00e2timent de verre de 40.000 m\u00b2, perch\u00e9 sur quatre tours m\u00e9talliques.\u00ab La page blanche, l\u00e0 o\u00f9 tout commence&#8230; \u00bb, symbolise le nouvel Institut du Design de Hong Kong. La sur\u00e9l\u00e9vation de l\u2019Institut permet de transformer la base en un grand espace public d\u2019interaction et d\u2019\u00e9change d\u2019id\u00e9es.<\/p>\n<p><img loading=\"lazy\" decoding=\"async\" class=\"alignnone size-full wp-image-957\" src=\"https:\/\/www.archibat.com\/blog\/wp-content\/uploads\/2015\/08\/10-2.jpg\" alt=\"architecture french touch\" width=\"634\" height=\"357\" srcset=\"https:\/\/archibat.com\/blog\/wp-content\/uploads\/2015\/08\/10-2.jpg 634w, https:\/\/archibat.com\/blog\/wp-content\/uploads\/2015\/08\/10-2-300x169.jpg 300w\" sizes=\"auto, (max-width: 634px) 100vw, 634px\" \/><\/p>\n<p><em>Source : <a href=\"http:\/\/www.lesechos.fr\/idees-debats\/diaporamas\/DIAP1707151754_7CA2CF-architecture-la-french-touch-dans-le-monde-1140177.php?r=1&amp;id_diap=DIAP1707151754_7CA2CF\" target=\"_blank\" rel=\"noopener\">Les Echos<\/a><\/em><\/p>\n","protected":false},"excerpt":{"rendered":"<p>La French Touch en architecture pla\u00eet et s&rsquo;exporte \u00e0 l&rsquo;\u00e9tranger ! En Asie, en Am\u00e9rique latine, en Europe, ou encore au Moyen-Orient, les agences fran\u00e7aises\u2026<\/p>\n","protected":false},"author":2,"featured_media":956,"comment_status":"closed","ping_status":"closed","sticky":false,"template":"","format":"standard","meta":{"_acf_changed":false,"footnotes":""},"categories":[3],"tags":[1463,1240,1464],"class_list":["post-947","post","type-post","status-publish","format-standard","has-post-thumbnail","hentry","category-architecture-et-design","tag-agence-francaise","tag-architecture-2","tag-french-touch"],"acf":[],"yoast_head":"<!-- This site is optimized with the Yoast SEO plugin v24.8.1 - https:\/\/yoast.com\/wordpress\/plugins\/seo\/ -->\n<title>La French Touch autour du monde &#8211; ArchiBat Mag<\/title>\n<meta name=\"description\" content=\"La french touch en architecture pla\u00eet et s&#039;exporte \u00e0 l&#039;\u00e9tranger ! Nous vous proposons un petit tour du monde de ces r\u00e9alisations !\" \/>\n<meta name=\"robots\" content=\"index, follow, max-snippet:-1, max-image-preview:large, max-video-preview:-1\" \/>\n<link rel=\"canonical\" href=\"https:\/\/archibat.com\/blog\/la-french-touch-autour-du-monde\/\" \/>\n<meta property=\"og:locale\" content=\"fr_FR\" \/>\n<meta property=\"og:type\" content=\"article\" \/>\n<meta property=\"og:title\" content=\"La French Touch autour du monde &#8211; ArchiBat Mag\" \/>\n<meta property=\"og:description\" content=\"La french touch en architecture pla\u00eet et s&#039;exporte \u00e0 l&#039;\u00e9tranger ! Nous vous proposons un petit tour du monde de ces r\u00e9alisations !\" \/>\n<meta property=\"og:url\" content=\"https:\/\/archibat.com\/blog\/la-french-touch-autour-du-monde\/\" \/>\n<meta property=\"og:site_name\" content=\"ArchiBat Mag\" \/>\n<meta property=\"article:published_time\" content=\"2015-08-11T07:58:24+00:00\" \/>\n<meta property=\"article:modified_time\" content=\"2018-11-19T15:14:41+00:00\" \/>\n<meta property=\"og:image\" content=\"https:\/\/archibat.com\/blog\/wp-content\/uploads\/2015\/08\/9-2.jpg\" \/>\n\t<meta property=\"og:image:width\" content=\"635\" \/>\n\t<meta property=\"og:image:height\" content=\"357\" \/>\n\t<meta property=\"og:image:type\" content=\"image\/jpeg\" \/>\n<meta name=\"author\" content=\"communication\" \/>\n<meta name=\"twitter:card\" content=\"summary_large_image\" \/>\n<meta name=\"twitter:label1\" content=\"\u00c9crit par\" \/>\n\t<meta name=\"twitter:data1\" content=\"communication\" \/>\n\t<meta name=\"twitter:label2\" content=\"Dur\u00e9e de lecture estim\u00e9e\" \/>\n\t<meta name=\"twitter:data2\" content=\"3 minutes\" \/>\n<script type=\"application\/ld+json\" class=\"yoast-schema-graph\">{\"@context\":\"https:\/\/schema.org\",\"@graph\":[{\"@type\":\"WebPage\",\"@id\":\"https:\/\/archibat.com\/blog\/la-french-touch-autour-du-monde\/\",\"url\":\"https:\/\/archibat.com\/blog\/la-french-touch-autour-du-monde\/\",\"name\":\"La French Touch autour du monde &#8211; ArchiBat Mag\",\"isPartOf\":{\"@id\":\"https:\/\/archibat.com\/blog\/#website\"},\"primaryImageOfPage\":{\"@id\":\"https:\/\/archibat.com\/blog\/la-french-touch-autour-du-monde\/#primaryimage\"},\"image\":{\"@id\":\"https:\/\/archibat.com\/blog\/la-french-touch-autour-du-monde\/#primaryimage\"},\"thumbnailUrl\":\"https:\/\/archibat.com\/blog\/wp-content\/uploads\/2015\/08\/9-2.jpg\",\"datePublished\":\"2015-08-11T07:58:24+00:00\",\"dateModified\":\"2018-11-19T15:14:41+00:00\",\"author\":{\"@id\":\"https:\/\/archibat.com\/blog\/#\/schema\/person\/c246f0d63b5e719c2cbe4f9bd494bf12\"},\"description\":\"La french touch en architecture pla\u00eet et s'exporte \u00e0 l'\u00e9tranger ! Nous vous proposons un petit tour du monde de ces r\u00e9alisations !\",\"breadcrumb\":{\"@id\":\"https:\/\/archibat.com\/blog\/la-french-touch-autour-du-monde\/#breadcrumb\"},\"inLanguage\":\"fr-FR\",\"potentialAction\":[{\"@type\":\"ReadAction\",\"target\":[\"https:\/\/archibat.com\/blog\/la-french-touch-autour-du-monde\/\"]}]},{\"@type\":\"ImageObject\",\"inLanguage\":\"fr-FR\",\"@id\":\"https:\/\/archibat.com\/blog\/la-french-touch-autour-du-monde\/#primaryimage\",\"url\":\"https:\/\/archibat.com\/blog\/wp-content\/uploads\/2015\/08\/9-2.jpg\",\"contentUrl\":\"https:\/\/archibat.com\/blog\/wp-content\/uploads\/2015\/08\/9-2.jpg\",\"width\":635,\"height\":357,\"caption\":\"architecture french touch\"},{\"@type\":\"BreadcrumbList\",\"@id\":\"https:\/\/archibat.com\/blog\/la-french-touch-autour-du-monde\/#breadcrumb\",\"itemListElement\":[{\"@type\":\"ListItem\",\"position\":1,\"name\":\"Home\",\"item\":\"https:\/\/archibat.com\/blog\/\"},{\"@type\":\"ListItem\",\"position\":2,\"name\":\"La French Touch autour du monde\"}]},{\"@type\":\"WebSite\",\"@id\":\"https:\/\/archibat.com\/blog\/#website\",\"url\":\"https:\/\/archibat.com\/blog\/\",\"name\":\"ArchiBat Mag\",\"description\":\"Vous souhaitez connaitre les derni\u00e8res actualit\u00e9s sur l\u2019Architecture, le Design ou les Ressources Humaines ? D\u00e9couvrez ArchiBat Mag, le magazine d\u00e9di\u00e9 aux m\u00e9tiers de l&#039;Architecture et de l&#039;Ing\u00e9nierie.\",\"potentialAction\":[{\"@type\":\"SearchAction\",\"target\":{\"@type\":\"EntryPoint\",\"urlTemplate\":\"https:\/\/archibat.com\/blog\/?s={search_term_string}\"},\"query-input\":{\"@type\":\"PropertyValueSpecification\",\"valueRequired\":true,\"valueName\":\"search_term_string\"}}],\"inLanguage\":\"fr-FR\"},{\"@type\":\"Person\",\"@id\":\"https:\/\/archibat.com\/blog\/#\/schema\/person\/c246f0d63b5e719c2cbe4f9bd494bf12\",\"name\":\"communication\"}]}<\/script>\n<!-- \/ Yoast SEO plugin. -->","yoast_head_json":{"title":"La French Touch autour du monde &#8211; ArchiBat Mag","description":"La french touch en architecture pla\u00eet et s'exporte \u00e0 l'\u00e9tranger ! Nous vous proposons un petit tour du monde de ces r\u00e9alisations !","robots":{"index":"index","follow":"follow","max-snippet":"max-snippet:-1","max-image-preview":"max-image-preview:large","max-video-preview":"max-video-preview:-1"},"canonical":"https:\/\/archibat.com\/blog\/la-french-touch-autour-du-monde\/","og_locale":"fr_FR","og_type":"article","og_title":"La French Touch autour du monde &#8211; ArchiBat Mag","og_description":"La french touch en architecture pla\u00eet et s'exporte \u00e0 l'\u00e9tranger ! Nous vous proposons un petit tour du monde de ces r\u00e9alisations !","og_url":"https:\/\/archibat.com\/blog\/la-french-touch-autour-du-monde\/","og_site_name":"ArchiBat Mag","article_published_time":"2015-08-11T07:58:24+00:00","article_modified_time":"2018-11-19T15:14:41+00:00","og_image":[{"width":635,"height":357,"url":"https:\/\/archibat.com\/blog\/wp-content\/uploads\/2015\/08\/9-2.jpg","type":"image\/jpeg"}],"author":"communication","twitter_card":"summary_large_image","twitter_misc":{"\u00c9crit par":"communication","Dur\u00e9e de lecture estim\u00e9e":"3 minutes"},"schema":{"@context":"https:\/\/schema.org","@graph":[{"@type":"WebPage","@id":"https:\/\/archibat.com\/blog\/la-french-touch-autour-du-monde\/","url":"https:\/\/archibat.com\/blog\/la-french-touch-autour-du-monde\/","name":"La French Touch autour du monde &#8211; ArchiBat Mag","isPartOf":{"@id":"https:\/\/archibat.com\/blog\/#website"},"primaryImageOfPage":{"@id":"https:\/\/archibat.com\/blog\/la-french-touch-autour-du-monde\/#primaryimage"},"image":{"@id":"https:\/\/archibat.com\/blog\/la-french-touch-autour-du-monde\/#primaryimage"},"thumbnailUrl":"https:\/\/archibat.com\/blog\/wp-content\/uploads\/2015\/08\/9-2.jpg","datePublished":"2015-08-11T07:58:24+00:00","dateModified":"2018-11-19T15:14:41+00:00","author":{"@id":"https:\/\/archibat.com\/blog\/#\/schema\/person\/c246f0d63b5e719c2cbe4f9bd494bf12"},"description":"La french touch en architecture pla\u00eet et s'exporte \u00e0 l'\u00e9tranger ! Nous vous proposons un petit tour du monde de ces r\u00e9alisations !","breadcrumb":{"@id":"https:\/\/archibat.com\/blog\/la-french-touch-autour-du-monde\/#breadcrumb"},"inLanguage":"fr-FR","potentialAction":[{"@type":"ReadAction","target":["https:\/\/archibat.com\/blog\/la-french-touch-autour-du-monde\/"]}]},{"@type":"ImageObject","inLanguage":"fr-FR","@id":"https:\/\/archibat.com\/blog\/la-french-touch-autour-du-monde\/#primaryimage","url":"https:\/\/archibat.com\/blog\/wp-content\/uploads\/2015\/08\/9-2.jpg","contentUrl":"https:\/\/archibat.com\/blog\/wp-content\/uploads\/2015\/08\/9-2.jpg","width":635,"height":357,"caption":"architecture french touch"},{"@type":"BreadcrumbList","@id":"https:\/\/archibat.com\/blog\/la-french-touch-autour-du-monde\/#breadcrumb","itemListElement":[{"@type":"ListItem","position":1,"name":"Home","item":"https:\/\/archibat.com\/blog\/"},{"@type":"ListItem","position":2,"name":"La French Touch autour du monde"}]},{"@type":"WebSite","@id":"https:\/\/archibat.com\/blog\/#website","url":"https:\/\/archibat.com\/blog\/","name":"ArchiBat Mag","description":"Vous souhaitez connaitre les derni\u00e8res actualit\u00e9s sur l\u2019Architecture, le Design ou les Ressources Humaines ? D\u00e9couvrez ArchiBat Mag, le magazine d\u00e9di\u00e9 aux m\u00e9tiers de l&#039;Architecture et de l&#039;Ing\u00e9nierie.","potentialAction":[{"@type":"SearchAction","target":{"@type":"EntryPoint","urlTemplate":"https:\/\/archibat.com\/blog\/?s={search_term_string}"},"query-input":{"@type":"PropertyValueSpecification","valueRequired":true,"valueName":"search_term_string"}}],"inLanguage":"fr-FR"},{"@type":"Person","@id":"https:\/\/archibat.com\/blog\/#\/schema\/person\/c246f0d63b5e719c2cbe4f9bd494bf12","name":"communication"}]}},"_links":{"self":[{"href":"https:\/\/archibat.com\/blog\/wp-json\/wp\/v2\/posts\/947","targetHints":{"allow":["GET"]}}],"collection":[{"href":"https:\/\/archibat.com\/blog\/wp-json\/wp\/v2\/posts"}],"about":[{"href":"https:\/\/archibat.com\/blog\/wp-json\/wp\/v2\/types\/post"}],"author":[{"embeddable":true,"href":"https:\/\/archibat.com\/blog\/wp-json\/wp\/v2\/users\/2"}],"replies":[{"embeddable":true,"href":"https:\/\/archibat.com\/blog\/wp-json\/wp\/v2\/comments?post=947"}],"version-history":[{"count":3,"href":"https:\/\/archibat.com\/blog\/wp-json\/wp\/v2\/posts\/947\/revisions"}],"predecessor-version":[{"id":7675,"href":"https:\/\/archibat.com\/blog\/wp-json\/wp\/v2\/posts\/947\/revisions\/7675"}],"wp:featuredmedia":[{"embeddable":true,"href":"https:\/\/archibat.com\/blog\/wp-json\/wp\/v2\/media\/956"}],"wp:attachment":[{"href":"https:\/\/archibat.com\/blog\/wp-json\/wp\/v2\/media?parent=947"}],"wp:term":[{"taxonomy":"category","embeddable":true,"href":"https:\/\/archibat.com\/blog\/wp-json\/wp\/v2\/categories?post=947"},{"taxonomy":"post_tag","embeddable":true,"href":"https:\/\/archibat.com\/blog\/wp-json\/wp\/v2\/tags?post=947"}],"curies":[{"name":"wp","href":"https:\/\/api.w.org\/{rel}","templated":true}]}}