{"id":9472,"date":"2019-04-05T14:00:17","date_gmt":"2019-04-05T12:00:17","guid":{"rendered":"https:\/\/archibat.com\/blog\/?p=9472"},"modified":"2022-10-19T17:07:10","modified_gmt":"2022-10-19T15:07:10","slug":"atelier-parcours-et-perspectives-3-architecte-et-retail-design","status":"publish","type":"post","link":"https:\/\/archibat.com\/blog\/atelier-parcours-et-perspectives-3-architecte-et-retail-design\/","title":{"rendered":"Atelier Parcours et Perspectives #3 &#8211; Architectes et Retail Design"},"content":{"rendered":"\n<p>R\u00e9f\u00e9rents techniques, cr\u00e9atifs, directeurs du d\u00e9veloppement, responsables du d\u00e9ploiement\u2026 Quels atouts ont les architectes pour travailler dans les enseignes et marques de luxe ? <\/p>\n","protected":false},"excerpt":{"rendered":"<p>R\u00e9f\u00e9rents techniques, cr\u00e9atifs, directeurs du d\u00e9veloppement, responsables du d\u00e9ploiement\u2026 Quels atouts ont les architectes pour travailler dans les enseignes et marques de luxe ?<\/p>\n","protected":false},"author":2,"featured_media":9490,"comment_status":"closed","ping_status":"closed","sticky":false,"template":"","format":"video","meta":{"_acf_changed":false,"footnotes":""},"categories":[4],"tags":[1228,1504],"class_list":["post-9472","post","type-post","status-publish","format-video","has-post-thumbnail","hentry","category-ressources-humaines","tag-design","tag-retail","post_format-post-format-video"],"acf":[],"yoast_head":"<!-- This site is optimized with the Yoast SEO plugin v24.8.1 - https:\/\/yoast.com\/wordpress\/plugins\/seo\/ -->\n<title>Atelier Parcours et Perspectives #3 - Architectes et Retail Design &#8211; ArchiBat Mag<\/title>\n<meta name=\"robots\" content=\"index, follow, max-snippet:-1, max-image-preview:large, max-video-preview:-1\" \/>\n<link rel=\"canonical\" href=\"https:\/\/archibat.com\/blog\/atelier-parcours-et-perspectives-3-architecte-et-retail-design\/\" \/>\n<meta property=\"og:locale\" content=\"fr_FR\" \/>\n<meta property=\"og:type\" content=\"article\" \/>\n<meta property=\"og:title\" content=\"Atelier Parcours et Perspectives #3 - Architectes et Retail Design &#8211; ArchiBat Mag\" \/>\n<meta property=\"og:description\" content=\"R\u00e9f\u00e9rents techniques, cr\u00e9atifs, directeurs du d\u00e9veloppement, responsables du d\u00e9ploiement\u2026 Quels atouts ont les architectes pour travailler dans les enseignes et marques de luxe ?\" \/>\n<meta property=\"og:url\" content=\"https:\/\/archibat.com\/blog\/atelier-parcours-et-perspectives-3-architecte-et-retail-design\/\" \/>\n<meta property=\"og:site_name\" content=\"ArchiBat Mag\" \/>\n<meta property=\"article:published_time\" content=\"2019-04-05T12:00:17+00:00\" \/>\n<meta property=\"article:modified_time\" content=\"2022-10-19T15:07:10+00:00\" \/>\n<meta property=\"og:image\" content=\"https:\/\/archibat.com\/blog\/wp-content\/uploads\/2019\/04\/Capture-d\u2019e\u0301cran-2019-04-09-a\u0300-15.36.56-e1554817448187.png\" \/>\n\t<meta property=\"og:image:width\" content=\"1099\" \/>\n\t<meta property=\"og:image:height\" content=\"1080\" \/>\n\t<meta property=\"og:image:type\" content=\"image\/png\" \/>\n<meta name=\"author\" content=\"communication\" \/>\n<meta name=\"twitter:card\" content=\"summary_large_image\" \/>\n<meta name=\"twitter:label1\" content=\"\u00c9crit par\" \/>\n\t<meta name=\"twitter:data1\" content=\"communication\" \/>\n<script type=\"application\/ld+json\" class=\"yoast-schema-graph\">{\"@context\":\"https:\/\/schema.org\",\"@graph\":[{\"@type\":\"WebPage\",\"@id\":\"https:\/\/archibat.com\/blog\/atelier-parcours-et-perspectives-3-architecte-et-retail-design\/\",\"url\":\"https:\/\/archibat.com\/blog\/atelier-parcours-et-perspectives-3-architecte-et-retail-design\/\",\"name\":\"Atelier Parcours et Perspectives #3 - Architectes et Retail Design &#8211; ArchiBat Mag\",\"isPartOf\":{\"@id\":\"https:\/\/archibat.com\/blog\/#website\"},\"primaryImageOfPage\":{\"@id\":\"https:\/\/archibat.com\/blog\/atelier-parcours-et-perspectives-3-architecte-et-retail-design\/#primaryimage\"},\"image\":{\"@id\":\"https:\/\/archibat.com\/blog\/atelier-parcours-et-perspectives-3-architecte-et-retail-design\/#primaryimage\"},\"thumbnailUrl\":\"https:\/\/archibat.com\/blog\/wp-content\/uploads\/2019\/04\/Capture-d\u2019e\u0301cran-2019-04-09-a\u0300-15.36.56-e1554817448187.png\",\"datePublished\":\"2019-04-05T12:00:17+00:00\",\"dateModified\":\"2022-10-19T15:07:10+00:00\",\"author\":{\"@id\":\"https:\/\/archibat.com\/blog\/#\/schema\/person\/c246f0d63b5e719c2cbe4f9bd494bf12\"},\"breadcrumb\":{\"@id\":\"https:\/\/archibat.com\/blog\/atelier-parcours-et-perspectives-3-architecte-et-retail-design\/#breadcrumb\"},\"inLanguage\":\"fr-FR\",\"potentialAction\":[{\"@type\":\"ReadAction\",\"target\":[\"https:\/\/archibat.com\/blog\/atelier-parcours-et-perspectives-3-architecte-et-retail-design\/\"]}]},{\"@type\":\"ImageObject\",\"inLanguage\":\"fr-FR\",\"@id\":\"https:\/\/archibat.com\/blog\/atelier-parcours-et-perspectives-3-architecte-et-retail-design\/#primaryimage\",\"url\":\"https:\/\/archibat.com\/blog\/wp-content\/uploads\/2019\/04\/Capture-d\u2019e\u0301cran-2019-04-09-a\u0300-15.36.56-e1554817448187.png\",\"contentUrl\":\"https:\/\/archibat.com\/blog\/wp-content\/uploads\/2019\/04\/Capture-d\u2019e\u0301cran-2019-04-09-a\u0300-15.36.56-e1554817448187.png\",\"width\":1099,\"height\":1080},{\"@type\":\"BreadcrumbList\",\"@id\":\"https:\/\/archibat.com\/blog\/atelier-parcours-et-perspectives-3-architecte-et-retail-design\/#breadcrumb\",\"itemListElement\":[{\"@type\":\"ListItem\",\"position\":1,\"name\":\"Home\",\"item\":\"https:\/\/archibat.com\/blog\/\"},{\"@type\":\"ListItem\",\"position\":2,\"name\":\"Atelier Parcours et Perspectives #3 &#8211; Architectes et Retail Design\"}]},{\"@type\":\"WebSite\",\"@id\":\"https:\/\/archibat.com\/blog\/#website\",\"url\":\"https:\/\/archibat.com\/blog\/\",\"name\":\"ArchiBat Mag\",\"description\":\"Vous souhaitez connaitre les derni\u00e8res actualit\u00e9s sur l\u2019Architecture, le Design ou les Ressources Humaines ? D\u00e9couvrez ArchiBat Mag, le magazine d\u00e9di\u00e9 aux m\u00e9tiers de l&#039;Architecture et de l&#039;Ing\u00e9nierie.\",\"potentialAction\":[{\"@type\":\"SearchAction\",\"target\":{\"@type\":\"EntryPoint\",\"urlTemplate\":\"https:\/\/archibat.com\/blog\/?s={search_term_string}\"},\"query-input\":{\"@type\":\"PropertyValueSpecification\",\"valueRequired\":true,\"valueName\":\"search_term_string\"}}],\"inLanguage\":\"fr-FR\"},{\"@type\":\"Person\",\"@id\":\"https:\/\/archibat.com\/blog\/#\/schema\/person\/c246f0d63b5e719c2cbe4f9bd494bf12\",\"name\":\"communication\"}]}<\/script>\n<!-- \/ Yoast SEO plugin. -->","yoast_head_json":{"title":"Atelier Parcours et Perspectives #3 - Architectes et Retail Design &#8211; ArchiBat Mag","robots":{"index":"index","follow":"follow","max-snippet":"max-snippet:-1","max-image-preview":"max-image-preview:large","max-video-preview":"max-video-preview:-1"},"canonical":"https:\/\/archibat.com\/blog\/atelier-parcours-et-perspectives-3-architecte-et-retail-design\/","og_locale":"fr_FR","og_type":"article","og_title":"Atelier Parcours et Perspectives #3 - Architectes et Retail Design &#8211; ArchiBat Mag","og_description":"R\u00e9f\u00e9rents techniques, cr\u00e9atifs, directeurs du d\u00e9veloppement, responsables du d\u00e9ploiement\u2026 Quels atouts ont les architectes pour travailler dans les enseignes et marques de luxe ?","og_url":"https:\/\/archibat.com\/blog\/atelier-parcours-et-perspectives-3-architecte-et-retail-design\/","og_site_name":"ArchiBat Mag","article_published_time":"2019-04-05T12:00:17+00:00","article_modified_time":"2022-10-19T15:07:10+00:00","og_image":[{"width":1099,"height":1080,"url":"https:\/\/archibat.com\/blog\/wp-content\/uploads\/2019\/04\/Capture-d\u2019e\u0301cran-2019-04-09-a\u0300-15.36.56-e1554817448187.png","type":"image\/png"}],"author":"communication","twitter_card":"summary_large_image","twitter_misc":{"\u00c9crit par":"communication"},"schema":{"@context":"https:\/\/schema.org","@graph":[{"@type":"WebPage","@id":"https:\/\/archibat.com\/blog\/atelier-parcours-et-perspectives-3-architecte-et-retail-design\/","url":"https:\/\/archibat.com\/blog\/atelier-parcours-et-perspectives-3-architecte-et-retail-design\/","name":"Atelier Parcours et Perspectives #3 - Architectes et Retail Design &#8211; ArchiBat Mag","isPartOf":{"@id":"https:\/\/archibat.com\/blog\/#website"},"primaryImageOfPage":{"@id":"https:\/\/archibat.com\/blog\/atelier-parcours-et-perspectives-3-architecte-et-retail-design\/#primaryimage"},"image":{"@id":"https:\/\/archibat.com\/blog\/atelier-parcours-et-perspectives-3-architecte-et-retail-design\/#primaryimage"},"thumbnailUrl":"https:\/\/archibat.com\/blog\/wp-content\/uploads\/2019\/04\/Capture-d\u2019e\u0301cran-2019-04-09-a\u0300-15.36.56-e1554817448187.png","datePublished":"2019-04-05T12:00:17+00:00","dateModified":"2022-10-19T15:07:10+00:00","author":{"@id":"https:\/\/archibat.com\/blog\/#\/schema\/person\/c246f0d63b5e719c2cbe4f9bd494bf12"},"breadcrumb":{"@id":"https:\/\/archibat.com\/blog\/atelier-parcours-et-perspectives-3-architecte-et-retail-design\/#breadcrumb"},"inLanguage":"fr-FR","potentialAction":[{"@type":"ReadAction","target":["https:\/\/archibat.com\/blog\/atelier-parcours-et-perspectives-3-architecte-et-retail-design\/"]}]},{"@type":"ImageObject","inLanguage":"fr-FR","@id":"https:\/\/archibat.com\/blog\/atelier-parcours-et-perspectives-3-architecte-et-retail-design\/#primaryimage","url":"https:\/\/archibat.com\/blog\/wp-content\/uploads\/2019\/04\/Capture-d\u2019e\u0301cran-2019-04-09-a\u0300-15.36.56-e1554817448187.png","contentUrl":"https:\/\/archibat.com\/blog\/wp-content\/uploads\/2019\/04\/Capture-d\u2019e\u0301cran-2019-04-09-a\u0300-15.36.56-e1554817448187.png","width":1099,"height":1080},{"@type":"BreadcrumbList","@id":"https:\/\/archibat.com\/blog\/atelier-parcours-et-perspectives-3-architecte-et-retail-design\/#breadcrumb","itemListElement":[{"@type":"ListItem","position":1,"name":"Home","item":"https:\/\/archibat.com\/blog\/"},{"@type":"ListItem","position":2,"name":"Atelier Parcours et Perspectives #3 &#8211; Architectes et Retail Design"}]},{"@type":"WebSite","@id":"https:\/\/archibat.com\/blog\/#website","url":"https:\/\/archibat.com\/blog\/","name":"ArchiBat Mag","description":"Vous souhaitez connaitre les derni\u00e8res actualit\u00e9s sur l\u2019Architecture, le Design ou les Ressources Humaines ? D\u00e9couvrez ArchiBat Mag, le magazine d\u00e9di\u00e9 aux m\u00e9tiers de l&#039;Architecture et de l&#039;Ing\u00e9nierie.","potentialAction":[{"@type":"SearchAction","target":{"@type":"EntryPoint","urlTemplate":"https:\/\/archibat.com\/blog\/?s={search_term_string}"},"query-input":{"@type":"PropertyValueSpecification","valueRequired":true,"valueName":"search_term_string"}}],"inLanguage":"fr-FR"},{"@type":"Person","@id":"https:\/\/archibat.com\/blog\/#\/schema\/person\/c246f0d63b5e719c2cbe4f9bd494bf12","name":"communication"}]}},"_links":{"self":[{"href":"https:\/\/archibat.com\/blog\/wp-json\/wp\/v2\/posts\/9472","targetHints":{"allow":["GET"]}}],"collection":[{"href":"https:\/\/archibat.com\/blog\/wp-json\/wp\/v2\/posts"}],"about":[{"href":"https:\/\/archibat.com\/blog\/wp-json\/wp\/v2\/types\/post"}],"author":[{"embeddable":true,"href":"https:\/\/archibat.com\/blog\/wp-json\/wp\/v2\/users\/2"}],"replies":[{"embeddable":true,"href":"https:\/\/archibat.com\/blog\/wp-json\/wp\/v2\/comments?post=9472"}],"version-history":[{"count":3,"href":"https:\/\/archibat.com\/blog\/wp-json\/wp\/v2\/posts\/9472\/revisions"}],"predecessor-version":[{"id":9639,"href":"https:\/\/archibat.com\/blog\/wp-json\/wp\/v2\/posts\/9472\/revisions\/9639"}],"wp:featuredmedia":[{"embeddable":true,"href":"https:\/\/archibat.com\/blog\/wp-json\/wp\/v2\/media\/9490"}],"wp:attachment":[{"href":"https:\/\/archibat.com\/blog\/wp-json\/wp\/v2\/media?parent=9472"}],"wp:term":[{"taxonomy":"category","embeddable":true,"href":"https:\/\/archibat.com\/blog\/wp-json\/wp\/v2\/categories?post=9472"},{"taxonomy":"post_tag","embeddable":true,"href":"https:\/\/archibat.com\/blog\/wp-json\/wp\/v2\/tags?post=9472"}],"curies":[{"name":"wp","href":"https:\/\/api.w.org\/{rel}","templated":true}]}}