{"id":9717,"date":"2019-05-17T14:00:18","date_gmt":"2019-05-17T12:00:18","guid":{"rendered":"https:\/\/archibat.com\/blog\/?p=9717"},"modified":"2019-05-20T15:37:04","modified_gmt":"2019-05-20T13:37:04","slug":"quand-les-contraintes-urbaines-sculptent-un-immeuble-a-new-york","status":"publish","type":"post","link":"https:\/\/archibat.com\/blog\/quand-les-contraintes-urbaines-sculptent-un-immeuble-a-new-york\/","title":{"rendered":"Quand les contraintes urbaines sculptent un immeuble \u00e0 New York"},"content":{"rendered":"\n<p>Le cabinet d\u2019architecture Perkins\n+ Will a con\u00e7u un immeuble de bureaux de 12 \u00e9tages situ\u00e9 au sud de Union Square\n\u00e0 Manhattan. Le nom de ce projet : le 799 Broadway. <\/p>\n\n\n\n<figure class=\"wp-block-image is-resized\"><img loading=\"lazy\" decoding=\"async\" src=\"https:\/\/archibat.com\/blog\/wp-content\/uploads\/2019\/05\/unnamed_3-1-544x480.jpg\" alt=\"\" class=\"wp-image-9726\" width=\"692\" height=\"611\" srcset=\"https:\/\/archibat.com\/blog\/wp-content\/uploads\/2019\/05\/unnamed_3-1-544x480.jpg 544w, https:\/\/archibat.com\/blog\/wp-content\/uploads\/2019\/05\/unnamed_3-1-300x265.jpg 300w, https:\/\/archibat.com\/blog\/wp-content\/uploads\/2019\/05\/unnamed_3-1-768x677.jpg 768w, https:\/\/archibat.com\/blog\/wp-content\/uploads\/2019\/05\/unnamed_3-1.jpg 1134w\" sizes=\"auto, (max-width: 692px) 100vw, 692px\" \/><\/figure>\n\n\n\n<p>L\u2019id\u00e9e \u00e9tait de r\u00e9interpr\u00e9ter le loft classique new-yorkais avec des mat\u00e9riaux diff\u00e9rents, des syst\u00e8mes et surtout des technologies plus contemporaines. Exercice de conception de l\u2019int\u00e9rieur vers l\u2019ext\u00e9rieur, le b\u00e2timent se d\u00e9veloppe en une cascade de terrasses sur presque tous les \u00e9tages. La volum\u00e9trie r\u00e9pond aux r\u00e9glementations urbaines strictes du quartier, offrant ainsi une expression architecturale \u00e0 taille humaine avec des connexions importantes vers l\u2019ext\u00e9rieur.<\/p>\n\n\n\n<figure class=\"wp-block-image\"><img loading=\"lazy\" decoding=\"async\" width=\"648\" height=\"480\" src=\"https:\/\/archibat.com\/blog\/wp-content\/uploads\/2019\/05\/Terrace-648x480.jpg\" alt=\"\" class=\"wp-image-9724\" srcset=\"https:\/\/archibat.com\/blog\/wp-content\/uploads\/2019\/05\/Terrace-648x480.jpg 648w, https:\/\/archibat.com\/blog\/wp-content\/uploads\/2019\/05\/Terrace-300x222.jpg 300w, https:\/\/archibat.com\/blog\/wp-content\/uploads\/2019\/05\/Terrace-768x568.jpg 768w, https:\/\/archibat.com\/blog\/wp-content\/uploads\/2019\/05\/Terrace.jpg 1351w\" sizes=\"auto, (max-width: 648px) 100vw, 648px\" \/><\/figure>\n\n\n\n<p>Les fa\u00e7ades sont compos\u00e9es simplement de panneaux en m\u00e9tal blanc, de larges baies vitr\u00e9es et de soffites en bois rendant hommage aux b\u00e2timents classiques de New York qui \u00e9taient constitu\u00e9s de fonte et de calcaire blanc. L&rsquo;am\u00e9nagement paysager sur les balcons adoucit l&rsquo;ext\u00e9rieur tout en renfor\u00e7ant le lien avec la nature.<\/p>\n\n\n\n<figure class=\"wp-block-image is-resized\"><img loading=\"lazy\" decoding=\"async\" src=\"https:\/\/archibat.com\/blog\/wp-content\/uploads\/2019\/05\/unnamed_4-1-400x480.jpg\" alt=\"\" class=\"wp-image-9728\" width=\"749\" height=\"899\" srcset=\"https:\/\/archibat.com\/blog\/wp-content\/uploads\/2019\/05\/unnamed_4-1-400x480.jpg 400w, https:\/\/archibat.com\/blog\/wp-content\/uploads\/2019\/05\/unnamed_4-1-250x300.jpg 250w, https:\/\/archibat.com\/blog\/wp-content\/uploads\/2019\/05\/unnamed_4-1-768x922.jpg 768w, https:\/\/archibat.com\/blog\/wp-content\/uploads\/2019\/05\/unnamed_4-1.jpg 833w\" sizes=\"auto, (max-width: 749px) 100vw, 749px\" \/><\/figure>\n\n\n\n<p>La structure ainsi que les\nplafonds sont r\u00e9alis\u00e9s en b\u00e9ton coul\u00e9 sur place, offrant une r\u00e9-interpr\u00e9tation\ndes composantes traditionnelles du loft New Yorkais. <\/p>\n\n\n\n<figure class=\"wp-block-image\"><img loading=\"lazy\" decoding=\"async\" width=\"720\" height=\"360\" src=\"https:\/\/archibat.com\/blog\/wp-content\/uploads\/2019\/05\/unnamed_5-720x360.jpg\" alt=\"\" class=\"wp-image-9730\" srcset=\"https:\/\/archibat.com\/blog\/wp-content\/uploads\/2019\/05\/unnamed_5-720x360.jpg 720w, https:\/\/archibat.com\/blog\/wp-content\/uploads\/2019\/05\/unnamed_5-300x150.jpg 300w, https:\/\/archibat.com\/blog\/wp-content\/uploads\/2019\/05\/unnamed_5-768x384.jpg 768w, https:\/\/archibat.com\/blog\/wp-content\/uploads\/2019\/05\/unnamed_5-1536x768.jpg 1536w, https:\/\/archibat.com\/blog\/wp-content\/uploads\/2019\/05\/unnamed_5.jpg 1582w\" sizes=\"auto, (max-width: 720px) 100vw, 720px\" \/><\/figure>\n\n\n\n<p>Le hall principal focalise le regard du visiteur vers une cour commune, v\u00e9ritable espace de vie, cr\u00e9ateur de liens entre les r\u00e9sidents. Une salle de sport, un vestiaire, des douches et un local \u00e0 v\u00e9lo sont \u00e9galement pr\u00e9vus pour les personnes qui viennent travailler au sein de cet immeuble.&nbsp; <\/p>\n\n\n\n<figure class=\"wp-block-image is-resized\"><img loading=\"lazy\" decoding=\"async\" src=\"https:\/\/archibat.com\/blog\/wp-content\/uploads\/2019\/05\/Lobby-611x480.jpg\" alt=\"\" class=\"wp-image-9722\" width=\"724\" height=\"568\" srcset=\"https:\/\/archibat.com\/blog\/wp-content\/uploads\/2019\/05\/Lobby-611x480.jpg 611w, https:\/\/archibat.com\/blog\/wp-content\/uploads\/2019\/05\/Lobby-300x236.jpg 300w, https:\/\/archibat.com\/blog\/wp-content\/uploads\/2019\/05\/Lobby-768x603.jpg 768w, https:\/\/archibat.com\/blog\/wp-content\/uploads\/2019\/05\/Lobby.jpg 1273w\" sizes=\"auto, (max-width: 724px) 100vw, 724px\" \/><\/figure>\n\n\n\n<p>Le directeur de la conception chez Perkins + Will, Robert Goodwin, explique que ce b\u00e2timent a pour vocation de mettre l\u2019accent sur l\u2019exp\u00e9rience humaine, les \u00e9changes et le versant social de la vie au bureau. Les architectes ont r\u00e9fl\u00e9chi longuement comment les locataires utiliseront les espaces partag\u00e9s, comment les terrasses serviront d\u2019extensions aux lieux de travail plus classiques. <\/p>\n\n\n\n<figure class=\"wp-block-image is-resized\"><img loading=\"lazy\" decoding=\"async\" src=\"https:\/\/archibat.com\/blog\/wp-content\/uploads\/2019\/05\/Double_Height_Space-565x480.jpg\" alt=\"\" class=\"wp-image-9720\" width=\"740\" height=\"629\" srcset=\"https:\/\/archibat.com\/blog\/wp-content\/uploads\/2019\/05\/Double_Height_Space-565x480.jpg 565w, https:\/\/archibat.com\/blog\/wp-content\/uploads\/2019\/05\/Double_Height_Space-300x255.jpg 300w, https:\/\/archibat.com\/blog\/wp-content\/uploads\/2019\/05\/Double_Height_Space-768x653.jpg 768w, https:\/\/archibat.com\/blog\/wp-content\/uploads\/2019\/05\/Double_Height_Space.jpg 1177w\" sizes=\"auto, (max-width: 740px) 100vw, 740px\" \/><\/figure>\n\n\n\n<blockquote class=\"wp-block-quote is-layout-flow wp-block-quote-is-layout-flow\"><p>L&rsquo;identit\u00e9 architecturale dynamique qui en r\u00e9sulte est le r\u00e9sultat de cette relation et dirigera une nouvelle g\u00e9n\u00e9ration d&rsquo;immeubles de bureaux ouverts, flexibles et \u00e0 taille humaine dans la ville.<\/p><cite><em>Robert Goodwin, directeur de la conception, Perkins + Will<\/em><\/cite><\/blockquote>\n","protected":false},"excerpt":{"rendered":"<p>Le cabinet d\u2019architecture Perkins + Will a con\u00e7u un immeuble de bureaux de 12 \u00e9tages situ\u00e9 au sud de Union Square \u00e0 Manhattan. Le nom\u2026<\/p>\n","protected":false},"author":2,"featured_media":9718,"comment_status":"closed","ping_status":"closed","sticky":false,"template":"","format":"standard","meta":{"_acf_changed":false,"footnotes":""},"categories":[3],"tags":[2238,1821,1228,2273],"class_list":["post-9717","post","type-post","status-publish","format-standard","has-post-thumbnail","hentry","category-architecture-et-design","tag-architecture","tag-architecture-dinterieur","tag-design","tag-perkins-will"],"acf":[],"yoast_head":"<!-- This site is optimized with the Yoast SEO plugin v24.8.1 - https:\/\/yoast.com\/wordpress\/plugins\/seo\/ -->\n<title>Quand les contraintes urbaines sculptent un immeuble \u00e0 New York &#8211; ArchiBat Mag<\/title>\n<meta name=\"robots\" content=\"index, follow, max-snippet:-1, max-image-preview:large, max-video-preview:-1\" \/>\n<link rel=\"canonical\" href=\"https:\/\/archibat.com\/blog\/quand-les-contraintes-urbaines-sculptent-un-immeuble-a-new-york\/\" \/>\n<meta property=\"og:locale\" content=\"fr_FR\" \/>\n<meta property=\"og:type\" content=\"article\" \/>\n<meta property=\"og:title\" content=\"Quand les contraintes urbaines sculptent un immeuble \u00e0 New York &#8211; ArchiBat Mag\" \/>\n<meta property=\"og:description\" content=\"Le cabinet d\u2019architecture Perkins + Will a con\u00e7u un immeuble de bureaux de 12 \u00e9tages situ\u00e9 au sud de Union Square \u00e0 Manhattan. Le nom\u2026\" \/>\n<meta property=\"og:url\" content=\"https:\/\/archibat.com\/blog\/quand-les-contraintes-urbaines-sculptent-un-immeuble-a-new-york\/\" \/>\n<meta property=\"og:site_name\" content=\"ArchiBat Mag\" \/>\n<meta property=\"article:published_time\" content=\"2019-05-17T12:00:18+00:00\" \/>\n<meta property=\"article:modified_time\" content=\"2019-05-20T13:37:04+00:00\" \/>\n<meta property=\"og:image\" content=\"https:\/\/archibat.com\/blog\/wp-content\/uploads\/2019\/05\/Aerial.jpeg\" \/>\n\t<meta property=\"og:image:width\" content=\"1280\" \/>\n\t<meta property=\"og:image:height\" content=\"958\" \/>\n\t<meta property=\"og:image:type\" content=\"image\/jpeg\" \/>\n<meta name=\"author\" content=\"communication\" \/>\n<meta name=\"twitter:card\" content=\"summary_large_image\" \/>\n<meta name=\"twitter:label1\" content=\"\u00c9crit par\" \/>\n\t<meta name=\"twitter:data1\" content=\"communication\" \/>\n\t<meta name=\"twitter:label2\" content=\"Dur\u00e9e de lecture estim\u00e9e\" \/>\n\t<meta name=\"twitter:data2\" content=\"2 minutes\" \/>\n<script type=\"application\/ld+json\" class=\"yoast-schema-graph\">{\"@context\":\"https:\/\/schema.org\",\"@graph\":[{\"@type\":\"WebPage\",\"@id\":\"https:\/\/archibat.com\/blog\/quand-les-contraintes-urbaines-sculptent-un-immeuble-a-new-york\/\",\"url\":\"https:\/\/archibat.com\/blog\/quand-les-contraintes-urbaines-sculptent-un-immeuble-a-new-york\/\",\"name\":\"Quand les contraintes urbaines sculptent un immeuble \u00e0 New York &#8211; ArchiBat Mag\",\"isPartOf\":{\"@id\":\"https:\/\/archibat.com\/blog\/#website\"},\"primaryImageOfPage\":{\"@id\":\"https:\/\/archibat.com\/blog\/quand-les-contraintes-urbaines-sculptent-un-immeuble-a-new-york\/#primaryimage\"},\"image\":{\"@id\":\"https:\/\/archibat.com\/blog\/quand-les-contraintes-urbaines-sculptent-un-immeuble-a-new-york\/#primaryimage\"},\"thumbnailUrl\":\"https:\/\/archibat.com\/blog\/wp-content\/uploads\/2019\/05\/Aerial.jpeg\",\"datePublished\":\"2019-05-17T12:00:18+00:00\",\"dateModified\":\"2019-05-20T13:37:04+00:00\",\"author\":{\"@id\":\"https:\/\/archibat.com\/blog\/#\/schema\/person\/c246f0d63b5e719c2cbe4f9bd494bf12\"},\"breadcrumb\":{\"@id\":\"https:\/\/archibat.com\/blog\/quand-les-contraintes-urbaines-sculptent-un-immeuble-a-new-york\/#breadcrumb\"},\"inLanguage\":\"fr-FR\",\"potentialAction\":[{\"@type\":\"ReadAction\",\"target\":[\"https:\/\/archibat.com\/blog\/quand-les-contraintes-urbaines-sculptent-un-immeuble-a-new-york\/\"]}]},{\"@type\":\"ImageObject\",\"inLanguage\":\"fr-FR\",\"@id\":\"https:\/\/archibat.com\/blog\/quand-les-contraintes-urbaines-sculptent-un-immeuble-a-new-york\/#primaryimage\",\"url\":\"https:\/\/archibat.com\/blog\/wp-content\/uploads\/2019\/05\/Aerial.jpeg\",\"contentUrl\":\"https:\/\/archibat.com\/blog\/wp-content\/uploads\/2019\/05\/Aerial.jpeg\",\"width\":1280,\"height\":958},{\"@type\":\"BreadcrumbList\",\"@id\":\"https:\/\/archibat.com\/blog\/quand-les-contraintes-urbaines-sculptent-un-immeuble-a-new-york\/#breadcrumb\",\"itemListElement\":[{\"@type\":\"ListItem\",\"position\":1,\"name\":\"Home\",\"item\":\"https:\/\/archibat.com\/blog\/\"},{\"@type\":\"ListItem\",\"position\":2,\"name\":\"Quand les contraintes urbaines sculptent un immeuble \u00e0 New York\"}]},{\"@type\":\"WebSite\",\"@id\":\"https:\/\/archibat.com\/blog\/#website\",\"url\":\"https:\/\/archibat.com\/blog\/\",\"name\":\"ArchiBat Mag\",\"description\":\"Vous souhaitez connaitre les derni\u00e8res actualit\u00e9s sur l\u2019Architecture, le Design ou les Ressources Humaines ? D\u00e9couvrez ArchiBat Mag, le magazine d\u00e9di\u00e9 aux m\u00e9tiers de l&#039;Architecture et de l&#039;Ing\u00e9nierie.\",\"potentialAction\":[{\"@type\":\"SearchAction\",\"target\":{\"@type\":\"EntryPoint\",\"urlTemplate\":\"https:\/\/archibat.com\/blog\/?s={search_term_string}\"},\"query-input\":{\"@type\":\"PropertyValueSpecification\",\"valueRequired\":true,\"valueName\":\"search_term_string\"}}],\"inLanguage\":\"fr-FR\"},{\"@type\":\"Person\",\"@id\":\"https:\/\/archibat.com\/blog\/#\/schema\/person\/c246f0d63b5e719c2cbe4f9bd494bf12\",\"name\":\"communication\"}]}<\/script>\n<!-- \/ Yoast SEO plugin. -->","yoast_head_json":{"title":"Quand les contraintes urbaines sculptent un immeuble \u00e0 New York &#8211; ArchiBat Mag","robots":{"index":"index","follow":"follow","max-snippet":"max-snippet:-1","max-image-preview":"max-image-preview:large","max-video-preview":"max-video-preview:-1"},"canonical":"https:\/\/archibat.com\/blog\/quand-les-contraintes-urbaines-sculptent-un-immeuble-a-new-york\/","og_locale":"fr_FR","og_type":"article","og_title":"Quand les contraintes urbaines sculptent un immeuble \u00e0 New York &#8211; ArchiBat Mag","og_description":"Le cabinet d\u2019architecture Perkins + Will a con\u00e7u un immeuble de bureaux de 12 \u00e9tages situ\u00e9 au sud de Union Square \u00e0 Manhattan. Le nom\u2026","og_url":"https:\/\/archibat.com\/blog\/quand-les-contraintes-urbaines-sculptent-un-immeuble-a-new-york\/","og_site_name":"ArchiBat Mag","article_published_time":"2019-05-17T12:00:18+00:00","article_modified_time":"2019-05-20T13:37:04+00:00","og_image":[{"width":1280,"height":958,"url":"https:\/\/archibat.com\/blog\/wp-content\/uploads\/2019\/05\/Aerial.jpeg","type":"image\/jpeg"}],"author":"communication","twitter_card":"summary_large_image","twitter_misc":{"\u00c9crit par":"communication","Dur\u00e9e de lecture estim\u00e9e":"2 minutes"},"schema":{"@context":"https:\/\/schema.org","@graph":[{"@type":"WebPage","@id":"https:\/\/archibat.com\/blog\/quand-les-contraintes-urbaines-sculptent-un-immeuble-a-new-york\/","url":"https:\/\/archibat.com\/blog\/quand-les-contraintes-urbaines-sculptent-un-immeuble-a-new-york\/","name":"Quand les contraintes urbaines sculptent un immeuble \u00e0 New York &#8211; ArchiBat Mag","isPartOf":{"@id":"https:\/\/archibat.com\/blog\/#website"},"primaryImageOfPage":{"@id":"https:\/\/archibat.com\/blog\/quand-les-contraintes-urbaines-sculptent-un-immeuble-a-new-york\/#primaryimage"},"image":{"@id":"https:\/\/archibat.com\/blog\/quand-les-contraintes-urbaines-sculptent-un-immeuble-a-new-york\/#primaryimage"},"thumbnailUrl":"https:\/\/archibat.com\/blog\/wp-content\/uploads\/2019\/05\/Aerial.jpeg","datePublished":"2019-05-17T12:00:18+00:00","dateModified":"2019-05-20T13:37:04+00:00","author":{"@id":"https:\/\/archibat.com\/blog\/#\/schema\/person\/c246f0d63b5e719c2cbe4f9bd494bf12"},"breadcrumb":{"@id":"https:\/\/archibat.com\/blog\/quand-les-contraintes-urbaines-sculptent-un-immeuble-a-new-york\/#breadcrumb"},"inLanguage":"fr-FR","potentialAction":[{"@type":"ReadAction","target":["https:\/\/archibat.com\/blog\/quand-les-contraintes-urbaines-sculptent-un-immeuble-a-new-york\/"]}]},{"@type":"ImageObject","inLanguage":"fr-FR","@id":"https:\/\/archibat.com\/blog\/quand-les-contraintes-urbaines-sculptent-un-immeuble-a-new-york\/#primaryimage","url":"https:\/\/archibat.com\/blog\/wp-content\/uploads\/2019\/05\/Aerial.jpeg","contentUrl":"https:\/\/archibat.com\/blog\/wp-content\/uploads\/2019\/05\/Aerial.jpeg","width":1280,"height":958},{"@type":"BreadcrumbList","@id":"https:\/\/archibat.com\/blog\/quand-les-contraintes-urbaines-sculptent-un-immeuble-a-new-york\/#breadcrumb","itemListElement":[{"@type":"ListItem","position":1,"name":"Home","item":"https:\/\/archibat.com\/blog\/"},{"@type":"ListItem","position":2,"name":"Quand les contraintes urbaines sculptent un immeuble \u00e0 New York"}]},{"@type":"WebSite","@id":"https:\/\/archibat.com\/blog\/#website","url":"https:\/\/archibat.com\/blog\/","name":"ArchiBat Mag","description":"Vous souhaitez connaitre les derni\u00e8res actualit\u00e9s sur l\u2019Architecture, le Design ou les Ressources Humaines ? D\u00e9couvrez ArchiBat Mag, le magazine d\u00e9di\u00e9 aux m\u00e9tiers de l&#039;Architecture et de l&#039;Ing\u00e9nierie.","potentialAction":[{"@type":"SearchAction","target":{"@type":"EntryPoint","urlTemplate":"https:\/\/archibat.com\/blog\/?s={search_term_string}"},"query-input":{"@type":"PropertyValueSpecification","valueRequired":true,"valueName":"search_term_string"}}],"inLanguage":"fr-FR"},{"@type":"Person","@id":"https:\/\/archibat.com\/blog\/#\/schema\/person\/c246f0d63b5e719c2cbe4f9bd494bf12","name":"communication"}]}},"_links":{"self":[{"href":"https:\/\/archibat.com\/blog\/wp-json\/wp\/v2\/posts\/9717","targetHints":{"allow":["GET"]}}],"collection":[{"href":"https:\/\/archibat.com\/blog\/wp-json\/wp\/v2\/posts"}],"about":[{"href":"https:\/\/archibat.com\/blog\/wp-json\/wp\/v2\/types\/post"}],"author":[{"embeddable":true,"href":"https:\/\/archibat.com\/blog\/wp-json\/wp\/v2\/users\/2"}],"replies":[{"embeddable":true,"href":"https:\/\/archibat.com\/blog\/wp-json\/wp\/v2\/comments?post=9717"}],"version-history":[{"count":3,"href":"https:\/\/archibat.com\/blog\/wp-json\/wp\/v2\/posts\/9717\/revisions"}],"predecessor-version":[{"id":9754,"href":"https:\/\/archibat.com\/blog\/wp-json\/wp\/v2\/posts\/9717\/revisions\/9754"}],"wp:featuredmedia":[{"embeddable":true,"href":"https:\/\/archibat.com\/blog\/wp-json\/wp\/v2\/media\/9718"}],"wp:attachment":[{"href":"https:\/\/archibat.com\/blog\/wp-json\/wp\/v2\/media?parent=9717"}],"wp:term":[{"taxonomy":"category","embeddable":true,"href":"https:\/\/archibat.com\/blog\/wp-json\/wp\/v2\/categories?post=9717"},{"taxonomy":"post_tag","embeddable":true,"href":"https:\/\/archibat.com\/blog\/wp-json\/wp\/v2\/tags?post=9717"}],"curies":[{"name":"wp","href":"https:\/\/api.w.org\/{rel}","templated":true}]}}