{"id":9879,"date":"2019-06-12T18:52:31","date_gmt":"2019-06-12T16:52:31","guid":{"rendered":"https:\/\/archibat.com\/blog\/?p=9879"},"modified":"2022-10-24T16:57:07","modified_gmt":"2022-10-24T14:57:07","slug":"jeudi-13-juin-2019-a-19h-maison-de-larchitecture-idf","status":"publish","type":"post","link":"https:\/\/archibat.com\/blog\/jeudi-13-juin-2019-a-19h-maison-de-larchitecture-idf\/","title":{"rendered":"Jeudi 13 juin 2019 \u00e0 19h \u2013 Maison de l\u2019Architecture IDF"},"content":{"rendered":"\n<h2 class=\"wp-block-heading\"><strong>Architectes \u00e0 l&rsquo;international :<\/strong><br><strong>expatriation ou exportation ?<\/strong><\/h2>\n\n\n\n<p>Organis\u00e9 par l&rsquo;Ordre r\u00e9gional et ArchiBat RH, cet atelier vise \u00e0 montrer la  diversit\u00e9 des m\u00e9tiers et l&rsquo;ensemble des sujets li\u00e9s \u00e0 l&#8217;emploi des  architectes<\/p>\n\n\n\n<p><em>Exp\u00e9riences \u00e0 l&rsquo;international : les multiples fa\u00e7ons de construire son parcours hors des fronti\u00e8res, quels fils conducteurs ? Quelles valeurs ? Quelles pratiques ?<\/em><\/p>\n\n\n\n<p>Invit\u00e9s :<br><strong>Olivier Fraisse,<\/strong> Architecte associ\u00e9, fondateur agence Terreneuve<br><strong>Alexandra Singer-Bieder<\/strong>, Architecte, agence Dubuisson Architecture<\/p>\n\n\n\n<p>Interview :<br><strong>Laurent Bluwol <\/strong>et <strong>Letizia Desmazi\u00e8res<\/strong><br>Architectes consultants &#8211; ArchiBat RH<\/p>\n\n\n\n<p>Cet atelier\n s&rsquo;articule autour d&rsquo;interventions de professionnels, d&rsquo;\u00e9changes avec \nl&rsquo;assembl\u00e9e et se termine par un moment convivial. <\/p>\n\n\n\n<p>Des sessions sur le BIM, le retail design,  l&rsquo;international et la ma\u00eetrise d&rsquo;ouvrage seront tour \u00e0 tour programm\u00e9es.<\/p>\n\n\n\n<h3 class=\"wp-block-heading\"><a rel=\"noreferrer noopener\" aria-label=\"Rendez-vous \u00e0 19h sur notre page Facebook pour suivre en direct l'atelier. (s\u2019ouvre dans un nouvel onglet)\" href=\"https:\/\/www.facebook.com\/ArchiBatRH\" target=\"_blank\">Rendez-vous \u00e0 19h sur notre page Facebook<\/a><br><a rel=\"noreferrer noopener\" aria-label=\"Rendez-vous \u00e0 19h sur notre page Facebook pour suivre en direct l'atelier. (s\u2019ouvre dans un nouvel onglet)\" href=\"https:\/\/www.facebook.com\/ArchiBatRH\" target=\"_blank\">pour suivre en direct l&rsquo;atelier.<\/a><\/h3>\n","protected":false},"excerpt":{"rendered":"<p>Architectes \u00e0 l&rsquo;international :expatriation ou exportation ? Organis\u00e9 par l&rsquo;Ordre r\u00e9gional et ArchiBat RH, cet atelier vise \u00e0 montrer la diversit\u00e9 des m\u00e9tiers et l&rsquo;ensemble\u2026<\/p>\n","protected":false},"author":2,"featured_media":9880,"comment_status":"closed","ping_status":"closed","sticky":false,"template":"","format":"standard","meta":{"_acf_changed":false,"footnotes":""},"categories":[4],"tags":[],"class_list":["post-9879","post","type-post","status-publish","format-standard","has-post-thumbnail","hentry","category-ressources-humaines"],"acf":[],"yoast_head":"<!-- This site is optimized with the Yoast SEO plugin v24.8.1 - https:\/\/yoast.com\/wordpress\/plugins\/seo\/ -->\n<title>Jeudi 13 juin 2019 \u00e0 19h \u2013 Maison de l\u2019Architecture IDF &#8211; ArchiBat Mag<\/title>\n<meta name=\"robots\" content=\"index, follow, max-snippet:-1, max-image-preview:large, max-video-preview:-1\" \/>\n<link rel=\"canonical\" href=\"https:\/\/archibat.com\/blog\/jeudi-13-juin-2019-a-19h-maison-de-larchitecture-idf\/\" \/>\n<meta property=\"og:locale\" content=\"fr_FR\" \/>\n<meta property=\"og:type\" content=\"article\" \/>\n<meta property=\"og:title\" content=\"Jeudi 13 juin 2019 \u00e0 19h \u2013 Maison de l\u2019Architecture IDF &#8211; ArchiBat Mag\" \/>\n<meta property=\"og:description\" content=\"Architectes \u00e0 l&rsquo;international :expatriation ou exportation ? Organis\u00e9 par l&rsquo;Ordre r\u00e9gional et ArchiBat RH, cet atelier vise \u00e0 montrer la diversit\u00e9 des m\u00e9tiers et l&rsquo;ensemble\u2026\" \/>\n<meta property=\"og:url\" content=\"https:\/\/archibat.com\/blog\/jeudi-13-juin-2019-a-19h-maison-de-larchitecture-idf\/\" \/>\n<meta property=\"og:site_name\" content=\"ArchiBat Mag\" \/>\n<meta property=\"article:published_time\" content=\"2019-06-12T16:52:31+00:00\" \/>\n<meta property=\"article:modified_time\" content=\"2022-10-24T14:57:07+00:00\" \/>\n<meta property=\"og:image\" content=\"https:\/\/archibat.com\/blog\/wp-content\/uploads\/2019\/06\/FINAL-APP2-01-2-655x480.png\" \/>\n\t<meta property=\"og:image:width\" content=\"655\" \/>\n\t<meta property=\"og:image:height\" content=\"480\" \/>\n\t<meta property=\"og:image:type\" content=\"image\/png\" \/>\n<meta name=\"author\" content=\"communication\" \/>\n<meta name=\"twitter:card\" content=\"summary_large_image\" \/>\n<meta name=\"twitter:label1\" content=\"\u00c9crit par\" \/>\n\t<meta name=\"twitter:data1\" content=\"communication\" \/>\n\t<meta name=\"twitter:label2\" content=\"Dur\u00e9e de lecture estim\u00e9e\" \/>\n\t<meta name=\"twitter:data2\" content=\"1 minute\" \/>\n<script type=\"application\/ld+json\" class=\"yoast-schema-graph\">{\"@context\":\"https:\/\/schema.org\",\"@graph\":[{\"@type\":\"WebPage\",\"@id\":\"https:\/\/archibat.com\/blog\/jeudi-13-juin-2019-a-19h-maison-de-larchitecture-idf\/\",\"url\":\"https:\/\/archibat.com\/blog\/jeudi-13-juin-2019-a-19h-maison-de-larchitecture-idf\/\",\"name\":\"Jeudi 13 juin 2019 \u00e0 19h \u2013 Maison de l\u2019Architecture IDF &#8211; ArchiBat Mag\",\"isPartOf\":{\"@id\":\"https:\/\/archibat.com\/blog\/#website\"},\"primaryImageOfPage\":{\"@id\":\"https:\/\/archibat.com\/blog\/jeudi-13-juin-2019-a-19h-maison-de-larchitecture-idf\/#primaryimage\"},\"image\":{\"@id\":\"https:\/\/archibat.com\/blog\/jeudi-13-juin-2019-a-19h-maison-de-larchitecture-idf\/#primaryimage\"},\"thumbnailUrl\":\"https:\/\/archibat.com\/blog\/wp-content\/uploads\/2019\/06\/FINAL-APP2-01-2-655x480.png\",\"datePublished\":\"2019-06-12T16:52:31+00:00\",\"dateModified\":\"2022-10-24T14:57:07+00:00\",\"author\":{\"@id\":\"https:\/\/archibat.com\/blog\/#\/schema\/person\/c246f0d63b5e719c2cbe4f9bd494bf12\"},\"breadcrumb\":{\"@id\":\"https:\/\/archibat.com\/blog\/jeudi-13-juin-2019-a-19h-maison-de-larchitecture-idf\/#breadcrumb\"},\"inLanguage\":\"fr-FR\",\"potentialAction\":[{\"@type\":\"ReadAction\",\"target\":[\"https:\/\/archibat.com\/blog\/jeudi-13-juin-2019-a-19h-maison-de-larchitecture-idf\/\"]}]},{\"@type\":\"ImageObject\",\"inLanguage\":\"fr-FR\",\"@id\":\"https:\/\/archibat.com\/blog\/jeudi-13-juin-2019-a-19h-maison-de-larchitecture-idf\/#primaryimage\",\"url\":\"https:\/\/archibat.com\/blog\/wp-content\/uploads\/2019\/06\/FINAL-APP2-01-2-655x480.png\",\"contentUrl\":\"https:\/\/archibat.com\/blog\/wp-content\/uploads\/2019\/06\/FINAL-APP2-01-2-655x480.png\",\"width\":655,\"height\":480},{\"@type\":\"BreadcrumbList\",\"@id\":\"https:\/\/archibat.com\/blog\/jeudi-13-juin-2019-a-19h-maison-de-larchitecture-idf\/#breadcrumb\",\"itemListElement\":[{\"@type\":\"ListItem\",\"position\":1,\"name\":\"Home\",\"item\":\"https:\/\/archibat.com\/blog\/\"},{\"@type\":\"ListItem\",\"position\":2,\"name\":\"Jeudi 13 juin 2019 \u00e0 19h \u2013 Maison de l\u2019Architecture IDF\"}]},{\"@type\":\"WebSite\",\"@id\":\"https:\/\/archibat.com\/blog\/#website\",\"url\":\"https:\/\/archibat.com\/blog\/\",\"name\":\"ArchiBat Mag\",\"description\":\"Vous souhaitez connaitre les derni\u00e8res actualit\u00e9s sur l\u2019Architecture, le Design ou les Ressources Humaines ? D\u00e9couvrez ArchiBat Mag, le magazine d\u00e9di\u00e9 aux m\u00e9tiers de l&#039;Architecture et de l&#039;Ing\u00e9nierie.\",\"potentialAction\":[{\"@type\":\"SearchAction\",\"target\":{\"@type\":\"EntryPoint\",\"urlTemplate\":\"https:\/\/archibat.com\/blog\/?s={search_term_string}\"},\"query-input\":{\"@type\":\"PropertyValueSpecification\",\"valueRequired\":true,\"valueName\":\"search_term_string\"}}],\"inLanguage\":\"fr-FR\"},{\"@type\":\"Person\",\"@id\":\"https:\/\/archibat.com\/blog\/#\/schema\/person\/c246f0d63b5e719c2cbe4f9bd494bf12\",\"name\":\"communication\"}]}<\/script>\n<!-- \/ Yoast SEO plugin. -->","yoast_head_json":{"title":"Jeudi 13 juin 2019 \u00e0 19h \u2013 Maison de l\u2019Architecture IDF &#8211; ArchiBat Mag","robots":{"index":"index","follow":"follow","max-snippet":"max-snippet:-1","max-image-preview":"max-image-preview:large","max-video-preview":"max-video-preview:-1"},"canonical":"https:\/\/archibat.com\/blog\/jeudi-13-juin-2019-a-19h-maison-de-larchitecture-idf\/","og_locale":"fr_FR","og_type":"article","og_title":"Jeudi 13 juin 2019 \u00e0 19h \u2013 Maison de l\u2019Architecture IDF &#8211; ArchiBat Mag","og_description":"Architectes \u00e0 l&rsquo;international :expatriation ou exportation ? Organis\u00e9 par l&rsquo;Ordre r\u00e9gional et ArchiBat RH, cet atelier vise \u00e0 montrer la diversit\u00e9 des m\u00e9tiers et l&rsquo;ensemble\u2026","og_url":"https:\/\/archibat.com\/blog\/jeudi-13-juin-2019-a-19h-maison-de-larchitecture-idf\/","og_site_name":"ArchiBat Mag","article_published_time":"2019-06-12T16:52:31+00:00","article_modified_time":"2022-10-24T14:57:07+00:00","og_image":[{"width":655,"height":480,"url":"https:\/\/archibat.com\/blog\/wp-content\/uploads\/2019\/06\/FINAL-APP2-01-2-655x480.png","type":"image\/png"}],"author":"communication","twitter_card":"summary_large_image","twitter_misc":{"\u00c9crit par":"communication","Dur\u00e9e de lecture estim\u00e9e":"1 minute"},"schema":{"@context":"https:\/\/schema.org","@graph":[{"@type":"WebPage","@id":"https:\/\/archibat.com\/blog\/jeudi-13-juin-2019-a-19h-maison-de-larchitecture-idf\/","url":"https:\/\/archibat.com\/blog\/jeudi-13-juin-2019-a-19h-maison-de-larchitecture-idf\/","name":"Jeudi 13 juin 2019 \u00e0 19h \u2013 Maison de l\u2019Architecture IDF &#8211; ArchiBat Mag","isPartOf":{"@id":"https:\/\/archibat.com\/blog\/#website"},"primaryImageOfPage":{"@id":"https:\/\/archibat.com\/blog\/jeudi-13-juin-2019-a-19h-maison-de-larchitecture-idf\/#primaryimage"},"image":{"@id":"https:\/\/archibat.com\/blog\/jeudi-13-juin-2019-a-19h-maison-de-larchitecture-idf\/#primaryimage"},"thumbnailUrl":"https:\/\/archibat.com\/blog\/wp-content\/uploads\/2019\/06\/FINAL-APP2-01-2-655x480.png","datePublished":"2019-06-12T16:52:31+00:00","dateModified":"2022-10-24T14:57:07+00:00","author":{"@id":"https:\/\/archibat.com\/blog\/#\/schema\/person\/c246f0d63b5e719c2cbe4f9bd494bf12"},"breadcrumb":{"@id":"https:\/\/archibat.com\/blog\/jeudi-13-juin-2019-a-19h-maison-de-larchitecture-idf\/#breadcrumb"},"inLanguage":"fr-FR","potentialAction":[{"@type":"ReadAction","target":["https:\/\/archibat.com\/blog\/jeudi-13-juin-2019-a-19h-maison-de-larchitecture-idf\/"]}]},{"@type":"ImageObject","inLanguage":"fr-FR","@id":"https:\/\/archibat.com\/blog\/jeudi-13-juin-2019-a-19h-maison-de-larchitecture-idf\/#primaryimage","url":"https:\/\/archibat.com\/blog\/wp-content\/uploads\/2019\/06\/FINAL-APP2-01-2-655x480.png","contentUrl":"https:\/\/archibat.com\/blog\/wp-content\/uploads\/2019\/06\/FINAL-APP2-01-2-655x480.png","width":655,"height":480},{"@type":"BreadcrumbList","@id":"https:\/\/archibat.com\/blog\/jeudi-13-juin-2019-a-19h-maison-de-larchitecture-idf\/#breadcrumb","itemListElement":[{"@type":"ListItem","position":1,"name":"Home","item":"https:\/\/archibat.com\/blog\/"},{"@type":"ListItem","position":2,"name":"Jeudi 13 juin 2019 \u00e0 19h \u2013 Maison de l\u2019Architecture IDF"}]},{"@type":"WebSite","@id":"https:\/\/archibat.com\/blog\/#website","url":"https:\/\/archibat.com\/blog\/","name":"ArchiBat Mag","description":"Vous souhaitez connaitre les derni\u00e8res actualit\u00e9s sur l\u2019Architecture, le Design ou les Ressources Humaines ? D\u00e9couvrez ArchiBat Mag, le magazine d\u00e9di\u00e9 aux m\u00e9tiers de l&#039;Architecture et de l&#039;Ing\u00e9nierie.","potentialAction":[{"@type":"SearchAction","target":{"@type":"EntryPoint","urlTemplate":"https:\/\/archibat.com\/blog\/?s={search_term_string}"},"query-input":{"@type":"PropertyValueSpecification","valueRequired":true,"valueName":"search_term_string"}}],"inLanguage":"fr-FR"},{"@type":"Person","@id":"https:\/\/archibat.com\/blog\/#\/schema\/person\/c246f0d63b5e719c2cbe4f9bd494bf12","name":"communication"}]}},"_links":{"self":[{"href":"https:\/\/archibat.com\/blog\/wp-json\/wp\/v2\/posts\/9879","targetHints":{"allow":["GET"]}}],"collection":[{"href":"https:\/\/archibat.com\/blog\/wp-json\/wp\/v2\/posts"}],"about":[{"href":"https:\/\/archibat.com\/blog\/wp-json\/wp\/v2\/types\/post"}],"author":[{"embeddable":true,"href":"https:\/\/archibat.com\/blog\/wp-json\/wp\/v2\/users\/2"}],"replies":[{"embeddable":true,"href":"https:\/\/archibat.com\/blog\/wp-json\/wp\/v2\/comments?post=9879"}],"version-history":[{"count":3,"href":"https:\/\/archibat.com\/blog\/wp-json\/wp\/v2\/posts\/9879\/revisions"}],"predecessor-version":[{"id":9924,"href":"https:\/\/archibat.com\/blog\/wp-json\/wp\/v2\/posts\/9879\/revisions\/9924"}],"wp:featuredmedia":[{"embeddable":true,"href":"https:\/\/archibat.com\/blog\/wp-json\/wp\/v2\/media\/9880"}],"wp:attachment":[{"href":"https:\/\/archibat.com\/blog\/wp-json\/wp\/v2\/media?parent=9879"}],"wp:term":[{"taxonomy":"category","embeddable":true,"href":"https:\/\/archibat.com\/blog\/wp-json\/wp\/v2\/categories?post=9879"},{"taxonomy":"post_tag","embeddable":true,"href":"https:\/\/archibat.com\/blog\/wp-json\/wp\/v2\/tags?post=9879"}],"curies":[{"name":"wp","href":"https:\/\/api.w.org\/{rel}","templated":true}]}}