{"id":9889,"date":"2019-06-19T15:37:24","date_gmt":"2019-06-19T13:37:24","guid":{"rendered":"https:\/\/archibat.com\/blog\/?p=9889"},"modified":"2019-07-09T15:14:30","modified_gmt":"2019-07-09T13:14:30","slug":"une-bibliotheque-tout-en-bois-a-kyoto","status":"publish","type":"post","link":"https:\/\/archibat.com\/blog\/une-bibliotheque-tout-en-bois-a-kyoto\/","title":{"rendered":"Une biblioth\u00e8que inspir\u00e9 des Machiya \u00e0 Kyoto"},"content":{"rendered":"\n<p>Pour abriter les archives de la\nbiblioth\u00e8ques Asada, Kazuya Morita et son bureau d\u2019\u00e9tudes ont con\u00e7u un b\u00e2timent\nen structure bois s\u2019\u00e9levant sur deux \u00e9tages. <\/p>\n\n\n\n<figure class=\"wp-block-image is-resized\"><img loading=\"lazy\" decoding=\"async\" src=\"https:\/\/archibat.com\/blog\/wp-content\/uploads\/2019\/06\/kazuya-morita-lattice-pod-asada-archives-library-kyoto-designboom-1800-720x260.jpg\" alt=\"\" class=\"wp-image-9918\" width=\"746\" height=\"269\" srcset=\"https:\/\/archibat.com\/blog\/wp-content\/uploads\/2019\/06\/kazuya-morita-lattice-pod-asada-archives-library-kyoto-designboom-1800-720x260.jpg 720w, https:\/\/archibat.com\/blog\/wp-content\/uploads\/2019\/06\/kazuya-morita-lattice-pod-asada-archives-library-kyoto-designboom-1800-300x108.jpg 300w, https:\/\/archibat.com\/blog\/wp-content\/uploads\/2019\/06\/kazuya-morita-lattice-pod-asada-archives-library-kyoto-designboom-1800-768x277.jpg 768w, https:\/\/archibat.com\/blog\/wp-content\/uploads\/2019\/06\/kazuya-morita-lattice-pod-asada-archives-library-kyoto-designboom-1800-1536x555.jpg 1536w, https:\/\/archibat.com\/blog\/wp-content\/uploads\/2019\/06\/kazuya-morita-lattice-pod-asada-archives-library-kyoto-designboom-1800.jpg 1800w\" sizes=\"auto, (max-width: 746px) 100vw, 746px\" \/><\/figure>\n\n\n\n<p>C\u2019est une identit\u00e9 visuelle forte\nqui se d\u00e9gage de cette construction. Le bois qui la constitue est un bois de\ncypr\u00e8s peu couteux qui g\u00e9n\u00e9ralement n\u2019est pas utilis\u00e9 pour des constructions\ncar il est consid\u00e9r\u00e9 comme trop peu solide. <\/p>\n\n\n\n<figure class=\"wp-block-image is-resized\"><img loading=\"lazy\" decoding=\"async\" src=\"https:\/\/archibat.com\/blog\/wp-content\/uploads\/2019\/06\/kazuya-morita-lattice-pod-asada-archives-library-kyoto-designboom-8-320x480.jpg\" alt=\"\" class=\"wp-image-9902\" width=\"739\" height=\"1109\" srcset=\"https:\/\/archibat.com\/blog\/wp-content\/uploads\/2019\/06\/kazuya-morita-lattice-pod-asada-archives-library-kyoto-designboom-8-320x480.jpg 320w, https:\/\/archibat.com\/blog\/wp-content\/uploads\/2019\/06\/kazuya-morita-lattice-pod-asada-archives-library-kyoto-designboom-8-200x300.jpg 200w, https:\/\/archibat.com\/blog\/wp-content\/uploads\/2019\/06\/kazuya-morita-lattice-pod-asada-archives-library-kyoto-designboom-8-768x1152.jpg 768w, https:\/\/archibat.com\/blog\/wp-content\/uploads\/2019\/06\/kazuya-morita-lattice-pod-asada-archives-library-kyoto-designboom-8.jpg 818w\" sizes=\"auto, (max-width: 739px) 100vw, 739px\" \/><\/figure>\n\n\n\n<p>Les poutres et poutrelles qui se\nchevauchent ont une section carr\u00e9e de 9 cm X 9 cm et une longueur de 3 \u00e0 4\nm\u00e8tres. Pour \u00e9viter toute perte de mat\u00e9riau, les architectes ont choisi\nd\u2019utiliser de longues vis pour fixer les poutres entre elles \u00e0 la place de la\nm\u00e9thode traditionnelle. <\/p>\n\n\n\n<figure class=\"wp-block-image is-resized\"><img loading=\"lazy\" decoding=\"async\" src=\"https:\/\/archibat.com\/blog\/wp-content\/uploads\/2019\/06\/kazuya-morita-lattice-pod-asada-archives-library-kyoto-designboom-9-720x480.jpg\" alt=\"\" class=\"wp-image-9904\" width=\"700\" height=\"466\" srcset=\"https:\/\/archibat.com\/blog\/wp-content\/uploads\/2019\/06\/kazuya-morita-lattice-pod-asada-archives-library-kyoto-designboom-9-720x480.jpg 720w, https:\/\/archibat.com\/blog\/wp-content\/uploads\/2019\/06\/kazuya-morita-lattice-pod-asada-archives-library-kyoto-designboom-9-300x200.jpg 300w, https:\/\/archibat.com\/blog\/wp-content\/uploads\/2019\/06\/kazuya-morita-lattice-pod-asada-archives-library-kyoto-designboom-9-768x512.jpg 768w, https:\/\/archibat.com\/blog\/wp-content\/uploads\/2019\/06\/kazuya-morita-lattice-pod-asada-archives-library-kyoto-designboom-9-350x233.jpg 350w, https:\/\/archibat.com\/blog\/wp-content\/uploads\/2019\/06\/kazuya-morita-lattice-pod-asada-archives-library-kyoto-designboom-9-700x466.jpg 700w, https:\/\/archibat.com\/blog\/wp-content\/uploads\/2019\/06\/kazuya-morita-lattice-pod-asada-archives-library-kyoto-designboom-9.jpg 818w\" sizes=\"auto, (max-width: 700px) 100vw, 700px\" \/><\/figure>\n\n\n\n<p>Les fondations du b\u00e2timent en\nb\u00e9ton contrastent avec la l\u00e9g\u00e8ret\u00e9 de la structure bois. Elles apportent une\nbonne isolation thermique et permettent de minimiser la consommation d\u2019\u00e9nergie.\n<\/p>\n\n\n\n<figure class=\"wp-block-image is-resized\"><img loading=\"lazy\" decoding=\"async\" src=\"https:\/\/archibat.com\/blog\/wp-content\/uploads\/2019\/06\/kazuya-morita-lattice-pod-asada-archives-library-kyoto-designboom-15-449x480.jpg\" alt=\"\" class=\"wp-image-9916\" width=\"775\" height=\"829\" srcset=\"https:\/\/archibat.com\/blog\/wp-content\/uploads\/2019\/06\/kazuya-morita-lattice-pod-asada-archives-library-kyoto-designboom-15-449x480.jpg 449w, https:\/\/archibat.com\/blog\/wp-content\/uploads\/2019\/06\/kazuya-morita-lattice-pod-asada-archives-library-kyoto-designboom-15-281x300.jpg 281w, https:\/\/archibat.com\/blog\/wp-content\/uploads\/2019\/06\/kazuya-morita-lattice-pod-asada-archives-library-kyoto-designboom-15-768x821.jpg 768w, https:\/\/archibat.com\/blog\/wp-content\/uploads\/2019\/06\/kazuya-morita-lattice-pod-asada-archives-library-kyoto-designboom-15.jpg 818w\" sizes=\"auto, (max-width: 775px) 100vw, 775px\" \/><\/figure>\n\n\n\n<p>Les murs de terre de la biblioth\u00e8que s\u2019inscrivent dans la lign\u00e9e des Machiya, maisons de ville traditionnelles japonaises, constitu\u00e9es de bambous et de couverture en bois carbonis\u00e9. Ces mat\u00e9riaux agissent \u00a0comme des coupe-feux tout en contr\u00f4lant l\u2019humidit\u00e9 de l\u2019int\u00e9rieur du b\u00e2ti.<\/p>\n\n\n\n<figure class=\"wp-block-image is-resized\"><img loading=\"lazy\" decoding=\"async\" src=\"https:\/\/archibat.com\/blog\/wp-content\/uploads\/2019\/06\/kazuya-morita-lattice-pod-asada-archives-library-kyoto-designboom-7-720x480.jpg\" alt=\"\" class=\"wp-image-9900\" width=\"734\" height=\"489\" srcset=\"https:\/\/archibat.com\/blog\/wp-content\/uploads\/2019\/06\/kazuya-morita-lattice-pod-asada-archives-library-kyoto-designboom-7-720x480.jpg 720w, https:\/\/archibat.com\/blog\/wp-content\/uploads\/2019\/06\/kazuya-morita-lattice-pod-asada-archives-library-kyoto-designboom-7-300x200.jpg 300w, https:\/\/archibat.com\/blog\/wp-content\/uploads\/2019\/06\/kazuya-morita-lattice-pod-asada-archives-library-kyoto-designboom-7-768x512.jpg 768w, https:\/\/archibat.com\/blog\/wp-content\/uploads\/2019\/06\/kazuya-morita-lattice-pod-asada-archives-library-kyoto-designboom-7-350x233.jpg 350w, https:\/\/archibat.com\/blog\/wp-content\/uploads\/2019\/06\/kazuya-morita-lattice-pod-asada-archives-library-kyoto-designboom-7-700x466.jpg 700w, https:\/\/archibat.com\/blog\/wp-content\/uploads\/2019\/06\/kazuya-morita-lattice-pod-asada-archives-library-kyoto-designboom-7.jpg 818w\" sizes=\"auto, (max-width: 734px) 100vw, 734px\" \/><\/figure>\n\n\n\n<p>La lumi\u00e8re du jour s\u2019invite dans\nle b\u00e2timent, notamment dans la partie centrale o\u00f9 l\u2019on trouve la salle de\nlecture. Celle-ci est bord\u00e9e par une large baie vitr\u00e9e permettant d\u2019illuminer\nla pi\u00e8ce de lumi\u00e8re naturelle tout en favorisant un lien \u00e9troit avec la rue.<\/p>\n\n\n\n<figure class=\"wp-block-image is-resized\"><img loading=\"lazy\" decoding=\"async\" src=\"https:\/\/archibat.com\/blog\/wp-content\/uploads\/2019\/06\/kazuya-morita-lattice-pod-asada-archives-library-kyoto-designboom-5-720x480.jpg\" alt=\"\" class=\"wp-image-9896\" width=\"671\" height=\"447\" srcset=\"https:\/\/archibat.com\/blog\/wp-content\/uploads\/2019\/06\/kazuya-morita-lattice-pod-asada-archives-library-kyoto-designboom-5-720x480.jpg 720w, https:\/\/archibat.com\/blog\/wp-content\/uploads\/2019\/06\/kazuya-morita-lattice-pod-asada-archives-library-kyoto-designboom-5-300x200.jpg 300w, https:\/\/archibat.com\/blog\/wp-content\/uploads\/2019\/06\/kazuya-morita-lattice-pod-asada-archives-library-kyoto-designboom-5-768x512.jpg 768w, https:\/\/archibat.com\/blog\/wp-content\/uploads\/2019\/06\/kazuya-morita-lattice-pod-asada-archives-library-kyoto-designboom-5-350x233.jpg 350w, https:\/\/archibat.com\/blog\/wp-content\/uploads\/2019\/06\/kazuya-morita-lattice-pod-asada-archives-library-kyoto-designboom-5-700x466.jpg 700w, https:\/\/archibat.com\/blog\/wp-content\/uploads\/2019\/06\/kazuya-morita-lattice-pod-asada-archives-library-kyoto-designboom-5.jpg 818w\" sizes=\"auto, (max-width: 671px) 100vw, 671px\" \/><\/figure>\n\n\n\n<p>La collection qu\u2019abrite cette\nbiblioth\u00e8que est un panel d\u2019ouvrages sur le th\u00e8me des droits de l\u2019Homme, sur\nles in\u00e9galit\u00e9s sociales et le soutien aux populations opprim\u00e9es. <\/p>\n\n\n\n<figure class=\"wp-block-image is-resized\"><img loading=\"lazy\" decoding=\"async\" src=\"https:\/\/archibat.com\/blog\/wp-content\/uploads\/2019\/06\/kazuya-morita-lattice-pod-asada-archives-library-kyoto-designboom-11-320x480.jpg\" alt=\"\" class=\"wp-image-9908\" width=\"656\" height=\"984\" srcset=\"https:\/\/archibat.com\/blog\/wp-content\/uploads\/2019\/06\/kazuya-morita-lattice-pod-asada-archives-library-kyoto-designboom-11-320x480.jpg 320w, https:\/\/archibat.com\/blog\/wp-content\/uploads\/2019\/06\/kazuya-morita-lattice-pod-asada-archives-library-kyoto-designboom-11-200x300.jpg 200w, https:\/\/archibat.com\/blog\/wp-content\/uploads\/2019\/06\/kazuya-morita-lattice-pod-asada-archives-library-kyoto-designboom-11-768x1152.jpg 768w, https:\/\/archibat.com\/blog\/wp-content\/uploads\/2019\/06\/kazuya-morita-lattice-pod-asada-archives-library-kyoto-designboom-11.jpg 818w\" sizes=\"auto, (max-width: 656px) 100vw, 656px\" \/><\/figure>\n\n\n\n<figure class=\"wp-block-image is-resized\"><img loading=\"lazy\" decoding=\"async\" src=\"https:\/\/archibat.com\/blog\/wp-content\/uploads\/2019\/06\/kazuya-morita-lattice-pod-asada-archives-library-kyoto-designboom-12-320x480.jpg\" alt=\"\" class=\"wp-image-9910\" width=\"665\" height=\"998\" srcset=\"https:\/\/archibat.com\/blog\/wp-content\/uploads\/2019\/06\/kazuya-morita-lattice-pod-asada-archives-library-kyoto-designboom-12-320x480.jpg 320w, https:\/\/archibat.com\/blog\/wp-content\/uploads\/2019\/06\/kazuya-morita-lattice-pod-asada-archives-library-kyoto-designboom-12-200x300.jpg 200w, https:\/\/archibat.com\/blog\/wp-content\/uploads\/2019\/06\/kazuya-morita-lattice-pod-asada-archives-library-kyoto-designboom-12-768x1152.jpg 768w, https:\/\/archibat.com\/blog\/wp-content\/uploads\/2019\/06\/kazuya-morita-lattice-pod-asada-archives-library-kyoto-designboom-12.jpg 818w\" sizes=\"auto, (max-width: 665px) 100vw, 665px\" \/><\/figure>\n\n\n\n<figure class=\"wp-block-image is-resized\"><img loading=\"lazy\" decoding=\"async\" src=\"https:\/\/archibat.com\/blog\/wp-content\/uploads\/2019\/06\/kazuya-morita-lattice-pod-asada-archives-library-kyoto-designboom-2-720x480.jpg\" alt=\"\" class=\"wp-image-9890\" width=\"684\" height=\"455\" srcset=\"https:\/\/archibat.com\/blog\/wp-content\/uploads\/2019\/06\/kazuya-morita-lattice-pod-asada-archives-library-kyoto-designboom-2-720x480.jpg 720w, https:\/\/archibat.com\/blog\/wp-content\/uploads\/2019\/06\/kazuya-morita-lattice-pod-asada-archives-library-kyoto-designboom-2-300x200.jpg 300w, https:\/\/archibat.com\/blog\/wp-content\/uploads\/2019\/06\/kazuya-morita-lattice-pod-asada-archives-library-kyoto-designboom-2-768x512.jpg 768w, https:\/\/archibat.com\/blog\/wp-content\/uploads\/2019\/06\/kazuya-morita-lattice-pod-asada-archives-library-kyoto-designboom-2-350x233.jpg 350w, https:\/\/archibat.com\/blog\/wp-content\/uploads\/2019\/06\/kazuya-morita-lattice-pod-asada-archives-library-kyoto-designboom-2-700x466.jpg 700w, https:\/\/archibat.com\/blog\/wp-content\/uploads\/2019\/06\/kazuya-morita-lattice-pod-asada-archives-library-kyoto-designboom-2.jpg 818w\" sizes=\"auto, (max-width: 684px) 100vw, 684px\" \/><\/figure>\n\n\n\n<figure class=\"wp-block-image\"><img loading=\"lazy\" decoding=\"async\" width=\"720\" height=\"480\" src=\"https:\/\/archibat.com\/blog\/wp-content\/uploads\/2019\/06\/kazuya-morita-lattice-pod-asada-archives-library-kyoto-designboom-3-720x480.jpg\" alt=\"\" class=\"wp-image-9892\" srcset=\"https:\/\/archibat.com\/blog\/wp-content\/uploads\/2019\/06\/kazuya-morita-lattice-pod-asada-archives-library-kyoto-designboom-3-720x480.jpg 720w, https:\/\/archibat.com\/blog\/wp-content\/uploads\/2019\/06\/kazuya-morita-lattice-pod-asada-archives-library-kyoto-designboom-3-300x200.jpg 300w, https:\/\/archibat.com\/blog\/wp-content\/uploads\/2019\/06\/kazuya-morita-lattice-pod-asada-archives-library-kyoto-designboom-3-768x512.jpg 768w, https:\/\/archibat.com\/blog\/wp-content\/uploads\/2019\/06\/kazuya-morita-lattice-pod-asada-archives-library-kyoto-designboom-3-350x233.jpg 350w, https:\/\/archibat.com\/blog\/wp-content\/uploads\/2019\/06\/kazuya-morita-lattice-pod-asada-archives-library-kyoto-designboom-3-700x466.jpg 700w, https:\/\/archibat.com\/blog\/wp-content\/uploads\/2019\/06\/kazuya-morita-lattice-pod-asada-archives-library-kyoto-designboom-3.jpg 818w\" sizes=\"auto, (max-width: 720px) 100vw, 720px\" \/><\/figure>\n\n\n\n<figure class=\"wp-block-image is-resized\"><img loading=\"lazy\" decoding=\"async\" src=\"https:\/\/archibat.com\/blog\/wp-content\/uploads\/2019\/06\/kazuya-morita-lattice-pod-asada-archives-library-kyoto-designboom-4-320x480.jpg\" alt=\"\" class=\"wp-image-9894\" width=\"710\" height=\"1066\" srcset=\"https:\/\/archibat.com\/blog\/wp-content\/uploads\/2019\/06\/kazuya-morita-lattice-pod-asada-archives-library-kyoto-designboom-4-320x480.jpg 320w, https:\/\/archibat.com\/blog\/wp-content\/uploads\/2019\/06\/kazuya-morita-lattice-pod-asada-archives-library-kyoto-designboom-4-200x300.jpg 200w, https:\/\/archibat.com\/blog\/wp-content\/uploads\/2019\/06\/kazuya-morita-lattice-pod-asada-archives-library-kyoto-designboom-4-768x1152.jpg 768w, https:\/\/archibat.com\/blog\/wp-content\/uploads\/2019\/06\/kazuya-morita-lattice-pod-asada-archives-library-kyoto-designboom-4.jpg 818w\" sizes=\"auto, (max-width: 710px) 100vw, 710px\" \/><\/figure>\n\n\n\n<figure class=\"wp-block-image is-resized\"><img loading=\"lazy\" decoding=\"async\" src=\"https:\/\/archibat.com\/blog\/wp-content\/uploads\/2019\/06\/kazuya-morita-lattice-pod-asada-archives-library-kyoto-designboom-10-320x480.jpg\" alt=\"\" class=\"wp-image-9906\" width=\"736\" height=\"1105\" srcset=\"https:\/\/archibat.com\/blog\/wp-content\/uploads\/2019\/06\/kazuya-morita-lattice-pod-asada-archives-library-kyoto-designboom-10-320x480.jpg 320w, https:\/\/archibat.com\/blog\/wp-content\/uploads\/2019\/06\/kazuya-morita-lattice-pod-asada-archives-library-kyoto-designboom-10-200x300.jpg 200w, https:\/\/archibat.com\/blog\/wp-content\/uploads\/2019\/06\/kazuya-morita-lattice-pod-asada-archives-library-kyoto-designboom-10-768x1152.jpg 768w, https:\/\/archibat.com\/blog\/wp-content\/uploads\/2019\/06\/kazuya-morita-lattice-pod-asada-archives-library-kyoto-designboom-10.jpg 818w\" sizes=\"auto, (max-width: 736px) 100vw, 736px\" \/><\/figure>\n\n\n\n<figure class=\"wp-block-image\"><img loading=\"lazy\" decoding=\"async\" width=\"720\" height=\"480\" src=\"https:\/\/archibat.com\/blog\/wp-content\/uploads\/2019\/06\/kazuya-morita-lattice-pod-asada-archives-library-kyoto-designboom-13-720x480.jpg\" alt=\"\" class=\"wp-image-9912\" srcset=\"https:\/\/archibat.com\/blog\/wp-content\/uploads\/2019\/06\/kazuya-morita-lattice-pod-asada-archives-library-kyoto-designboom-13-720x480.jpg 720w, https:\/\/archibat.com\/blog\/wp-content\/uploads\/2019\/06\/kazuya-morita-lattice-pod-asada-archives-library-kyoto-designboom-13-300x200.jpg 300w, https:\/\/archibat.com\/blog\/wp-content\/uploads\/2019\/06\/kazuya-morita-lattice-pod-asada-archives-library-kyoto-designboom-13-768x513.jpg 768w, https:\/\/archibat.com\/blog\/wp-content\/uploads\/2019\/06\/kazuya-morita-lattice-pod-asada-archives-library-kyoto-designboom-13-350x233.jpg 350w, https:\/\/archibat.com\/blog\/wp-content\/uploads\/2019\/06\/kazuya-morita-lattice-pod-asada-archives-library-kyoto-designboom-13-700x466.jpg 700w, https:\/\/archibat.com\/blog\/wp-content\/uploads\/2019\/06\/kazuya-morita-lattice-pod-asada-archives-library-kyoto-designboom-13.jpg 818w\" sizes=\"auto, (max-width: 720px) 100vw, 720px\" \/><\/figure>\n\n\n\n<figure class=\"wp-block-image\"><img loading=\"lazy\" decoding=\"async\" width=\"720\" height=\"480\" src=\"https:\/\/archibat.com\/blog\/wp-content\/uploads\/2019\/06\/kazuya-morita-lattice-pod-asada-archives-library-kyoto-designboom-14-720x480.jpg\" alt=\"\" class=\"wp-image-9914\" srcset=\"https:\/\/archibat.com\/blog\/wp-content\/uploads\/2019\/06\/kazuya-morita-lattice-pod-asada-archives-library-kyoto-designboom-14-720x480.jpg 720w, https:\/\/archibat.com\/blog\/wp-content\/uploads\/2019\/06\/kazuya-morita-lattice-pod-asada-archives-library-kyoto-designboom-14-300x200.jpg 300w, https:\/\/archibat.com\/blog\/wp-content\/uploads\/2019\/06\/kazuya-morita-lattice-pod-asada-archives-library-kyoto-designboom-14-768x513.jpg 768w, https:\/\/archibat.com\/blog\/wp-content\/uploads\/2019\/06\/kazuya-morita-lattice-pod-asada-archives-library-kyoto-designboom-14-350x233.jpg 350w, https:\/\/archibat.com\/blog\/wp-content\/uploads\/2019\/06\/kazuya-morita-lattice-pod-asada-archives-library-kyoto-designboom-14-700x466.jpg 700w, https:\/\/archibat.com\/blog\/wp-content\/uploads\/2019\/06\/kazuya-morita-lattice-pod-asada-archives-library-kyoto-designboom-14.jpg 818w\" sizes=\"auto, (max-width: 720px) 100vw, 720px\" \/><\/figure>\n","protected":false},"excerpt":{"rendered":"<p>Pour abriter les archives de la biblioth\u00e8ques Asada, Kazuya Morita et son bureau d\u2019\u00e9tudes ont con\u00e7u un b\u00e2timent en structure bois s\u2019\u00e9levant sur deux \u00e9tages.\u2026<\/p>\n","protected":false},"author":2,"featured_media":9898,"comment_status":"closed","ping_status":"closed","sticky":false,"template":"","format":"standard","meta":{"_acf_changed":false,"footnotes":""},"categories":[3],"tags":[2238,1821,1228,2276],"class_list":["post-9889","post","type-post","status-publish","format-standard","has-post-thumbnail","hentry","category-architecture-et-design","tag-architecture","tag-architecture-dinterieur","tag-design","tag-kazuya-morita"],"acf":[],"yoast_head":"<!-- This site is optimized with the Yoast SEO plugin v24.8.1 - https:\/\/yoast.com\/wordpress\/plugins\/seo\/ -->\n<title>Une biblioth\u00e8que inspir\u00e9 des Machiya \u00e0 Kyoto &#8211; ArchiBat Mag<\/title>\n<meta name=\"robots\" content=\"index, follow, max-snippet:-1, max-image-preview:large, max-video-preview:-1\" \/>\n<link rel=\"canonical\" href=\"https:\/\/archibat.com\/blog\/une-bibliotheque-tout-en-bois-a-kyoto\/\" \/>\n<meta property=\"og:locale\" content=\"fr_FR\" \/>\n<meta property=\"og:type\" content=\"article\" \/>\n<meta property=\"og:title\" content=\"Une biblioth\u00e8que inspir\u00e9 des Machiya \u00e0 Kyoto &#8211; ArchiBat Mag\" \/>\n<meta property=\"og:description\" content=\"Pour abriter les archives de la biblioth\u00e8ques Asada, Kazuya Morita et son bureau d\u2019\u00e9tudes ont con\u00e7u un b\u00e2timent en structure bois s\u2019\u00e9levant sur deux \u00e9tages.\u2026\" \/>\n<meta property=\"og:url\" content=\"https:\/\/archibat.com\/blog\/une-bibliotheque-tout-en-bois-a-kyoto\/\" \/>\n<meta property=\"og:site_name\" content=\"ArchiBat Mag\" \/>\n<meta property=\"article:published_time\" content=\"2019-06-19T13:37:24+00:00\" \/>\n<meta property=\"article:modified_time\" content=\"2019-07-09T13:14:30+00:00\" \/>\n<meta property=\"og:image\" content=\"https:\/\/archibat.com\/blog\/wp-content\/uploads\/2019\/06\/kazuya-morita-lattice-pod-asada-archives-library-kyoto-designboom-6.jpg\" \/>\n\t<meta property=\"og:image:width\" content=\"818\" \/>\n\t<meta property=\"og:image:height\" content=\"545\" \/>\n\t<meta property=\"og:image:type\" content=\"image\/jpeg\" \/>\n<meta name=\"author\" content=\"communication\" \/>\n<meta name=\"twitter:card\" content=\"summary_large_image\" \/>\n<meta name=\"twitter:label1\" content=\"\u00c9crit par\" \/>\n\t<meta name=\"twitter:data1\" content=\"communication\" \/>\n\t<meta name=\"twitter:label2\" content=\"Dur\u00e9e de lecture estim\u00e9e\" \/>\n\t<meta name=\"twitter:data2\" content=\"1 minute\" \/>\n<script type=\"application\/ld+json\" class=\"yoast-schema-graph\">{\"@context\":\"https:\/\/schema.org\",\"@graph\":[{\"@type\":\"WebPage\",\"@id\":\"https:\/\/archibat.com\/blog\/une-bibliotheque-tout-en-bois-a-kyoto\/\",\"url\":\"https:\/\/archibat.com\/blog\/une-bibliotheque-tout-en-bois-a-kyoto\/\",\"name\":\"Une biblioth\u00e8que inspir\u00e9 des Machiya \u00e0 Kyoto &#8211; ArchiBat Mag\",\"isPartOf\":{\"@id\":\"https:\/\/archibat.com\/blog\/#website\"},\"primaryImageOfPage\":{\"@id\":\"https:\/\/archibat.com\/blog\/une-bibliotheque-tout-en-bois-a-kyoto\/#primaryimage\"},\"image\":{\"@id\":\"https:\/\/archibat.com\/blog\/une-bibliotheque-tout-en-bois-a-kyoto\/#primaryimage\"},\"thumbnailUrl\":\"https:\/\/archibat.com\/blog\/wp-content\/uploads\/2019\/06\/kazuya-morita-lattice-pod-asada-archives-library-kyoto-designboom-6.jpg\",\"datePublished\":\"2019-06-19T13:37:24+00:00\",\"dateModified\":\"2019-07-09T13:14:30+00:00\",\"author\":{\"@id\":\"https:\/\/archibat.com\/blog\/#\/schema\/person\/c246f0d63b5e719c2cbe4f9bd494bf12\"},\"breadcrumb\":{\"@id\":\"https:\/\/archibat.com\/blog\/une-bibliotheque-tout-en-bois-a-kyoto\/#breadcrumb\"},\"inLanguage\":\"fr-FR\",\"potentialAction\":[{\"@type\":\"ReadAction\",\"target\":[\"https:\/\/archibat.com\/blog\/une-bibliotheque-tout-en-bois-a-kyoto\/\"]}]},{\"@type\":\"ImageObject\",\"inLanguage\":\"fr-FR\",\"@id\":\"https:\/\/archibat.com\/blog\/une-bibliotheque-tout-en-bois-a-kyoto\/#primaryimage\",\"url\":\"https:\/\/archibat.com\/blog\/wp-content\/uploads\/2019\/06\/kazuya-morita-lattice-pod-asada-archives-library-kyoto-designboom-6.jpg\",\"contentUrl\":\"https:\/\/archibat.com\/blog\/wp-content\/uploads\/2019\/06\/kazuya-morita-lattice-pod-asada-archives-library-kyoto-designboom-6.jpg\",\"width\":818,\"height\":545},{\"@type\":\"BreadcrumbList\",\"@id\":\"https:\/\/archibat.com\/blog\/une-bibliotheque-tout-en-bois-a-kyoto\/#breadcrumb\",\"itemListElement\":[{\"@type\":\"ListItem\",\"position\":1,\"name\":\"Home\",\"item\":\"https:\/\/archibat.com\/blog\/\"},{\"@type\":\"ListItem\",\"position\":2,\"name\":\"Une biblioth\u00e8que inspir\u00e9 des Machiya \u00e0 Kyoto\"}]},{\"@type\":\"WebSite\",\"@id\":\"https:\/\/archibat.com\/blog\/#website\",\"url\":\"https:\/\/archibat.com\/blog\/\",\"name\":\"ArchiBat Mag\",\"description\":\"Vous souhaitez connaitre les derni\u00e8res actualit\u00e9s sur l\u2019Architecture, le Design ou les Ressources Humaines ? D\u00e9couvrez ArchiBat Mag, le magazine d\u00e9di\u00e9 aux m\u00e9tiers de l&#039;Architecture et de l&#039;Ing\u00e9nierie.\",\"potentialAction\":[{\"@type\":\"SearchAction\",\"target\":{\"@type\":\"EntryPoint\",\"urlTemplate\":\"https:\/\/archibat.com\/blog\/?s={search_term_string}\"},\"query-input\":{\"@type\":\"PropertyValueSpecification\",\"valueRequired\":true,\"valueName\":\"search_term_string\"}}],\"inLanguage\":\"fr-FR\"},{\"@type\":\"Person\",\"@id\":\"https:\/\/archibat.com\/blog\/#\/schema\/person\/c246f0d63b5e719c2cbe4f9bd494bf12\",\"name\":\"communication\"}]}<\/script>\n<!-- \/ Yoast SEO plugin. -->","yoast_head_json":{"title":"Une biblioth\u00e8que inspir\u00e9 des Machiya \u00e0 Kyoto &#8211; ArchiBat Mag","robots":{"index":"index","follow":"follow","max-snippet":"max-snippet:-1","max-image-preview":"max-image-preview:large","max-video-preview":"max-video-preview:-1"},"canonical":"https:\/\/archibat.com\/blog\/une-bibliotheque-tout-en-bois-a-kyoto\/","og_locale":"fr_FR","og_type":"article","og_title":"Une biblioth\u00e8que inspir\u00e9 des Machiya \u00e0 Kyoto &#8211; ArchiBat Mag","og_description":"Pour abriter les archives de la biblioth\u00e8ques Asada, Kazuya Morita et son bureau d\u2019\u00e9tudes ont con\u00e7u un b\u00e2timent en structure bois s\u2019\u00e9levant sur deux \u00e9tages.\u2026","og_url":"https:\/\/archibat.com\/blog\/une-bibliotheque-tout-en-bois-a-kyoto\/","og_site_name":"ArchiBat Mag","article_published_time":"2019-06-19T13:37:24+00:00","article_modified_time":"2019-07-09T13:14:30+00:00","og_image":[{"width":818,"height":545,"url":"https:\/\/archibat.com\/blog\/wp-content\/uploads\/2019\/06\/kazuya-morita-lattice-pod-asada-archives-library-kyoto-designboom-6.jpg","type":"image\/jpeg"}],"author":"communication","twitter_card":"summary_large_image","twitter_misc":{"\u00c9crit par":"communication","Dur\u00e9e de lecture estim\u00e9e":"1 minute"},"schema":{"@context":"https:\/\/schema.org","@graph":[{"@type":"WebPage","@id":"https:\/\/archibat.com\/blog\/une-bibliotheque-tout-en-bois-a-kyoto\/","url":"https:\/\/archibat.com\/blog\/une-bibliotheque-tout-en-bois-a-kyoto\/","name":"Une biblioth\u00e8que inspir\u00e9 des Machiya \u00e0 Kyoto &#8211; ArchiBat Mag","isPartOf":{"@id":"https:\/\/archibat.com\/blog\/#website"},"primaryImageOfPage":{"@id":"https:\/\/archibat.com\/blog\/une-bibliotheque-tout-en-bois-a-kyoto\/#primaryimage"},"image":{"@id":"https:\/\/archibat.com\/blog\/une-bibliotheque-tout-en-bois-a-kyoto\/#primaryimage"},"thumbnailUrl":"https:\/\/archibat.com\/blog\/wp-content\/uploads\/2019\/06\/kazuya-morita-lattice-pod-asada-archives-library-kyoto-designboom-6.jpg","datePublished":"2019-06-19T13:37:24+00:00","dateModified":"2019-07-09T13:14:30+00:00","author":{"@id":"https:\/\/archibat.com\/blog\/#\/schema\/person\/c246f0d63b5e719c2cbe4f9bd494bf12"},"breadcrumb":{"@id":"https:\/\/archibat.com\/blog\/une-bibliotheque-tout-en-bois-a-kyoto\/#breadcrumb"},"inLanguage":"fr-FR","potentialAction":[{"@type":"ReadAction","target":["https:\/\/archibat.com\/blog\/une-bibliotheque-tout-en-bois-a-kyoto\/"]}]},{"@type":"ImageObject","inLanguage":"fr-FR","@id":"https:\/\/archibat.com\/blog\/une-bibliotheque-tout-en-bois-a-kyoto\/#primaryimage","url":"https:\/\/archibat.com\/blog\/wp-content\/uploads\/2019\/06\/kazuya-morita-lattice-pod-asada-archives-library-kyoto-designboom-6.jpg","contentUrl":"https:\/\/archibat.com\/blog\/wp-content\/uploads\/2019\/06\/kazuya-morita-lattice-pod-asada-archives-library-kyoto-designboom-6.jpg","width":818,"height":545},{"@type":"BreadcrumbList","@id":"https:\/\/archibat.com\/blog\/une-bibliotheque-tout-en-bois-a-kyoto\/#breadcrumb","itemListElement":[{"@type":"ListItem","position":1,"name":"Home","item":"https:\/\/archibat.com\/blog\/"},{"@type":"ListItem","position":2,"name":"Une biblioth\u00e8que inspir\u00e9 des Machiya \u00e0 Kyoto"}]},{"@type":"WebSite","@id":"https:\/\/archibat.com\/blog\/#website","url":"https:\/\/archibat.com\/blog\/","name":"ArchiBat Mag","description":"Vous souhaitez connaitre les derni\u00e8res actualit\u00e9s sur l\u2019Architecture, le Design ou les Ressources Humaines ? D\u00e9couvrez ArchiBat Mag, le magazine d\u00e9di\u00e9 aux m\u00e9tiers de l&#039;Architecture et de l&#039;Ing\u00e9nierie.","potentialAction":[{"@type":"SearchAction","target":{"@type":"EntryPoint","urlTemplate":"https:\/\/archibat.com\/blog\/?s={search_term_string}"},"query-input":{"@type":"PropertyValueSpecification","valueRequired":true,"valueName":"search_term_string"}}],"inLanguage":"fr-FR"},{"@type":"Person","@id":"https:\/\/archibat.com\/blog\/#\/schema\/person\/c246f0d63b5e719c2cbe4f9bd494bf12","name":"communication"}]}},"_links":{"self":[{"href":"https:\/\/archibat.com\/blog\/wp-json\/wp\/v2\/posts\/9889","targetHints":{"allow":["GET"]}}],"collection":[{"href":"https:\/\/archibat.com\/blog\/wp-json\/wp\/v2\/posts"}],"about":[{"href":"https:\/\/archibat.com\/blog\/wp-json\/wp\/v2\/types\/post"}],"author":[{"embeddable":true,"href":"https:\/\/archibat.com\/blog\/wp-json\/wp\/v2\/users\/2"}],"replies":[{"embeddable":true,"href":"https:\/\/archibat.com\/blog\/wp-json\/wp\/v2\/comments?post=9889"}],"version-history":[{"count":3,"href":"https:\/\/archibat.com\/blog\/wp-json\/wp\/v2\/posts\/9889\/revisions"}],"predecessor-version":[{"id":10056,"href":"https:\/\/archibat.com\/blog\/wp-json\/wp\/v2\/posts\/9889\/revisions\/10056"}],"wp:featuredmedia":[{"embeddable":true,"href":"https:\/\/archibat.com\/blog\/wp-json\/wp\/v2\/media\/9898"}],"wp:attachment":[{"href":"https:\/\/archibat.com\/blog\/wp-json\/wp\/v2\/media?parent=9889"}],"wp:term":[{"taxonomy":"category","embeddable":true,"href":"https:\/\/archibat.com\/blog\/wp-json\/wp\/v2\/categories?post=9889"},{"taxonomy":"post_tag","embeddable":true,"href":"https:\/\/archibat.com\/blog\/wp-json\/wp\/v2\/tags?post=9889"}],"curies":[{"name":"wp","href":"https:\/\/api.w.org\/{rel}","templated":true}]}}