{"id":990,"date":"2015-08-26T07:30:46","date_gmt":"2015-08-26T06:30:46","guid":{"rendered":"https:\/\/www.archibat.com\/blog\/?p=990"},"modified":"2018-11-19T16:10:21","modified_gmt":"2018-11-19T15:10:21","slug":"la-canopee-des-halles-apercu-des-avancees-du-chantier","status":"publish","type":"post","link":"https:\/\/archibat.com\/blog\/la-canopee-des-halles-apercu-des-avancees-du-chantier\/","title":{"rendered":"La Canop\u00e9e des Halles : aper\u00e7u des avanc\u00e9es du chantier"},"content":{"rendered":"<p>Lanc\u00e9 en 2012, le chantier du r\u00e9am\u00e9nagement du Forum des Halles \u00e0 Paris touche \u00e0 sa fin. Les parisiens pourront d\u00e9ambuler sous la Canop\u00e9e des Halles au d\u00e9but de l&rsquo;ann\u00e9e 2016. La partie \u00e9merg\u00e9e des Halles sera remplac\u00e9e\u00a0par un \u00e9difice aux formes courbes d\u2019inspiration v\u00e9g\u00e9tale : la Canop\u00e9e. Imagin\u00e9e par l&rsquo;agence Patrick Berger &amp; Jacques Anziutti Architectes, la Canop\u00e9e abritera deux b\u00e2timents pour des \u00e9quipements publics et des commerces, telle une immense feuille translucide ondoyant \u00e0 la hauteur de la cime des arbres du jardin. Ces deux ailes seront dispos\u00e9es autour d\u2019un patio qui deviendra le nouveau c\u0153ur des Halles. Espace public \u00e0 l\u2019abri des intemp\u00e9ries, le patio sera un lieu \u00e0 vivre pour tous ceux qui fr\u00e9quentent les Halles. Le hall ext\u00e9rieur d\u00e9di\u00e9 aux \u00e9quipements culturels et aux boutiques, constituera un cadre sc\u00e9nique pour accueillir des manifestations culturelles ou commerciales. Archibat RH vous propose un aper\u00e7u de l&rsquo;avanc\u00e9e des travaux !<\/p>\n<p><img loading=\"lazy\" decoding=\"async\" class=\"alignnone size-full wp-image-991\" src=\"https:\/\/www.archibat.com\/blog\/wp-content\/uploads\/2015\/08\/1-2.jpg\" alt=\"Canop\u00e9e des Halles\" width=\"635\" height=\"423\" srcset=\"https:\/\/archibat.com\/blog\/wp-content\/uploads\/2015\/08\/1-2.jpg 635w, https:\/\/archibat.com\/blog\/wp-content\/uploads\/2015\/08\/1-2-300x200.jpg 300w, https:\/\/archibat.com\/blog\/wp-content\/uploads\/2015\/08\/1-2-350x233.jpg 350w\" sizes=\"auto, (max-width: 635px) 100vw, 635px\" \/><\/p>\n<p><img loading=\"lazy\" decoding=\"async\" class=\"alignnone size-full wp-image-992\" src=\"https:\/\/www.archibat.com\/blog\/wp-content\/uploads\/2015\/08\/couv-2-ou-1-2-2.jpg\" alt=\"Canop\u00e9e des Halles\" width=\"635\" height=\"415\" srcset=\"https:\/\/archibat.com\/blog\/wp-content\/uploads\/2015\/08\/couv-2-ou-1-2-2.jpg 635w, https:\/\/archibat.com\/blog\/wp-content\/uploads\/2015\/08\/couv-2-ou-1-2-2-300x196.jpg 300w\" sizes=\"auto, (max-width: 635px) 100vw, 635px\" \/><\/p>\n<p><img loading=\"lazy\" decoding=\"async\" class=\"alignnone size-full wp-image-993\" src=\"https:\/\/www.archibat.com\/blog\/wp-content\/uploads\/2015\/08\/21-2.jpg\" alt=\"canop\u00e9e des halles\" width=\"635\" height=\"423\" srcset=\"https:\/\/archibat.com\/blog\/wp-content\/uploads\/2015\/08\/21-2.jpg 635w, https:\/\/archibat.com\/blog\/wp-content\/uploads\/2015\/08\/21-2-300x200.jpg 300w, https:\/\/archibat.com\/blog\/wp-content\/uploads\/2015\/08\/21-2-350x233.jpg 350w\" sizes=\"auto, (max-width: 635px) 100vw, 635px\" \/><\/p>\n<p><img loading=\"lazy\" decoding=\"async\" class=\"alignnone size-full wp-image-994\" src=\"https:\/\/www.archibat.com\/blog\/wp-content\/uploads\/2015\/08\/31-2.jpg\" alt=\"canop\u00e9e des halles\" width=\"635\" height=\"423\" srcset=\"https:\/\/archibat.com\/blog\/wp-content\/uploads\/2015\/08\/31-2.jpg 635w, https:\/\/archibat.com\/blog\/wp-content\/uploads\/2015\/08\/31-2-300x200.jpg 300w, https:\/\/archibat.com\/blog\/wp-content\/uploads\/2015\/08\/31-2-350x233.jpg 350w\" sizes=\"auto, (max-width: 635px) 100vw, 635px\" \/><\/p>\n<p><em>Photos : \u00a9 Milena Chessa \/ Le Moniteur.fr<\/em><\/p>\n","protected":false},"excerpt":{"rendered":"<p>Lanc\u00e9 en 2012, le chantier du r\u00e9am\u00e9nagement du Forum des Halles \u00e0 Paris touche \u00e0 sa fin. Les parisiens pourront d\u00e9ambuler sous la Canop\u00e9e des\u2026<\/p>\n","protected":false},"author":2,"featured_media":997,"comment_status":"closed","ping_status":"closed","sticky":false,"template":"","format":"standard","meta":{"_acf_changed":false,"footnotes":""},"categories":[3],"tags":[1470,1471],"class_list":["post-990","post","type-post","status-publish","format-standard","has-post-thumbnail","hentry","category-architecture-et-design","tag-canopee-des-halles","tag-chantier"],"acf":[],"yoast_head":"<!-- This site is optimized with the Yoast SEO plugin v24.8.1 - https:\/\/yoast.com\/wordpress\/plugins\/seo\/ -->\n<title>La Canop\u00e9e des Halles : aper\u00e7u des avanc\u00e9es du chantier &#8211; ArchiBat Mag<\/title>\n<meta name=\"description\" content=\"Lanc\u00e9 en 2012, le chantier du r\u00e9am\u00e9nagement du Forum des Halles \u00e0 Paris touche \u00e0 sa fin. Les parisiens pourront d\u00e9ambuler sous la Canop\u00e9e des Halles en 2016\" \/>\n<meta name=\"robots\" content=\"index, follow, max-snippet:-1, max-image-preview:large, max-video-preview:-1\" \/>\n<link rel=\"canonical\" href=\"https:\/\/archibat.com\/blog\/la-canopee-des-halles-apercu-des-avancees-du-chantier\/\" \/>\n<meta property=\"og:locale\" content=\"fr_FR\" \/>\n<meta property=\"og:type\" content=\"article\" \/>\n<meta property=\"og:title\" content=\"La Canop\u00e9e des Halles : aper\u00e7u des avanc\u00e9es du chantier &#8211; ArchiBat Mag\" \/>\n<meta property=\"og:description\" content=\"Lanc\u00e9 en 2012, le chantier du r\u00e9am\u00e9nagement du Forum des Halles \u00e0 Paris touche \u00e0 sa fin. Les parisiens pourront d\u00e9ambuler sous la Canop\u00e9e des Halles en 2016\" \/>\n<meta property=\"og:url\" content=\"https:\/\/archibat.com\/blog\/la-canopee-des-halles-apercu-des-avancees-du-chantier\/\" \/>\n<meta property=\"og:site_name\" content=\"ArchiBat Mag\" \/>\n<meta property=\"article:published_time\" content=\"2015-08-26T06:30:46+00:00\" \/>\n<meta property=\"article:modified_time\" content=\"2018-11-19T15:10:21+00:00\" \/>\n<meta property=\"og:image\" content=\"https:\/\/archibat.com\/blog\/wp-content\/uploads\/2015\/08\/couv-1-2.jpg\" \/>\n\t<meta property=\"og:image:width\" content=\"635\" \/>\n\t<meta property=\"og:image:height\" content=\"357\" \/>\n\t<meta property=\"og:image:type\" content=\"image\/jpeg\" \/>\n<meta name=\"author\" content=\"communication\" \/>\n<meta name=\"twitter:card\" content=\"summary_large_image\" \/>\n<meta name=\"twitter:label1\" content=\"\u00c9crit par\" \/>\n\t<meta name=\"twitter:data1\" content=\"communication\" \/>\n\t<meta name=\"twitter:label2\" content=\"Dur\u00e9e de lecture estim\u00e9e\" \/>\n\t<meta name=\"twitter:data2\" content=\"1 minute\" \/>\n<script type=\"application\/ld+json\" class=\"yoast-schema-graph\">{\"@context\":\"https:\/\/schema.org\",\"@graph\":[{\"@type\":\"WebPage\",\"@id\":\"https:\/\/archibat.com\/blog\/la-canopee-des-halles-apercu-des-avancees-du-chantier\/\",\"url\":\"https:\/\/archibat.com\/blog\/la-canopee-des-halles-apercu-des-avancees-du-chantier\/\",\"name\":\"La Canop\u00e9e des Halles : aper\u00e7u des avanc\u00e9es du chantier &#8211; ArchiBat Mag\",\"isPartOf\":{\"@id\":\"https:\/\/archibat.com\/blog\/#website\"},\"primaryImageOfPage\":{\"@id\":\"https:\/\/archibat.com\/blog\/la-canopee-des-halles-apercu-des-avancees-du-chantier\/#primaryimage\"},\"image\":{\"@id\":\"https:\/\/archibat.com\/blog\/la-canopee-des-halles-apercu-des-avancees-du-chantier\/#primaryimage\"},\"thumbnailUrl\":\"https:\/\/archibat.com\/blog\/wp-content\/uploads\/2015\/08\/couv-1-2.jpg\",\"datePublished\":\"2015-08-26T06:30:46+00:00\",\"dateModified\":\"2018-11-19T15:10:21+00:00\",\"author\":{\"@id\":\"https:\/\/archibat.com\/blog\/#\/schema\/person\/c246f0d63b5e719c2cbe4f9bd494bf12\"},\"description\":\"Lanc\u00e9 en 2012, le chantier du r\u00e9am\u00e9nagement du Forum des Halles \u00e0 Paris touche \u00e0 sa fin. Les parisiens pourront d\u00e9ambuler sous la Canop\u00e9e des Halles en 2016\",\"breadcrumb\":{\"@id\":\"https:\/\/archibat.com\/blog\/la-canopee-des-halles-apercu-des-avancees-du-chantier\/#breadcrumb\"},\"inLanguage\":\"fr-FR\",\"potentialAction\":[{\"@type\":\"ReadAction\",\"target\":[\"https:\/\/archibat.com\/blog\/la-canopee-des-halles-apercu-des-avancees-du-chantier\/\"]}]},{\"@type\":\"ImageObject\",\"inLanguage\":\"fr-FR\",\"@id\":\"https:\/\/archibat.com\/blog\/la-canopee-des-halles-apercu-des-avancees-du-chantier\/#primaryimage\",\"url\":\"https:\/\/archibat.com\/blog\/wp-content\/uploads\/2015\/08\/couv-1-2.jpg\",\"contentUrl\":\"https:\/\/archibat.com\/blog\/wp-content\/uploads\/2015\/08\/couv-1-2.jpg\",\"width\":635,\"height\":357,\"caption\":\"canop\u00e9e des halles\"},{\"@type\":\"BreadcrumbList\",\"@id\":\"https:\/\/archibat.com\/blog\/la-canopee-des-halles-apercu-des-avancees-du-chantier\/#breadcrumb\",\"itemListElement\":[{\"@type\":\"ListItem\",\"position\":1,\"name\":\"Home\",\"item\":\"https:\/\/archibat.com\/blog\/\"},{\"@type\":\"ListItem\",\"position\":2,\"name\":\"La Canop\u00e9e des Halles : aper\u00e7u des avanc\u00e9es du chantier\"}]},{\"@type\":\"WebSite\",\"@id\":\"https:\/\/archibat.com\/blog\/#website\",\"url\":\"https:\/\/archibat.com\/blog\/\",\"name\":\"ArchiBat Mag\",\"description\":\"Vous souhaitez connaitre les derni\u00e8res actualit\u00e9s sur l\u2019Architecture, le Design ou les Ressources Humaines ? D\u00e9couvrez ArchiBat Mag, le magazine d\u00e9di\u00e9 aux m\u00e9tiers de l&#039;Architecture et de l&#039;Ing\u00e9nierie.\",\"potentialAction\":[{\"@type\":\"SearchAction\",\"target\":{\"@type\":\"EntryPoint\",\"urlTemplate\":\"https:\/\/archibat.com\/blog\/?s={search_term_string}\"},\"query-input\":{\"@type\":\"PropertyValueSpecification\",\"valueRequired\":true,\"valueName\":\"search_term_string\"}}],\"inLanguage\":\"fr-FR\"},{\"@type\":\"Person\",\"@id\":\"https:\/\/archibat.com\/blog\/#\/schema\/person\/c246f0d63b5e719c2cbe4f9bd494bf12\",\"name\":\"communication\"}]}<\/script>\n<!-- \/ Yoast SEO plugin. -->","yoast_head_json":{"title":"La Canop\u00e9e des Halles : aper\u00e7u des avanc\u00e9es du chantier &#8211; ArchiBat Mag","description":"Lanc\u00e9 en 2012, le chantier du r\u00e9am\u00e9nagement du Forum des Halles \u00e0 Paris touche \u00e0 sa fin. Les parisiens pourront d\u00e9ambuler sous la Canop\u00e9e des Halles en 2016","robots":{"index":"index","follow":"follow","max-snippet":"max-snippet:-1","max-image-preview":"max-image-preview:large","max-video-preview":"max-video-preview:-1"},"canonical":"https:\/\/archibat.com\/blog\/la-canopee-des-halles-apercu-des-avancees-du-chantier\/","og_locale":"fr_FR","og_type":"article","og_title":"La Canop\u00e9e des Halles : aper\u00e7u des avanc\u00e9es du chantier &#8211; ArchiBat Mag","og_description":"Lanc\u00e9 en 2012, le chantier du r\u00e9am\u00e9nagement du Forum des Halles \u00e0 Paris touche \u00e0 sa fin. Les parisiens pourront d\u00e9ambuler sous la Canop\u00e9e des Halles en 2016","og_url":"https:\/\/archibat.com\/blog\/la-canopee-des-halles-apercu-des-avancees-du-chantier\/","og_site_name":"ArchiBat Mag","article_published_time":"2015-08-26T06:30:46+00:00","article_modified_time":"2018-11-19T15:10:21+00:00","og_image":[{"width":635,"height":357,"url":"https:\/\/archibat.com\/blog\/wp-content\/uploads\/2015\/08\/couv-1-2.jpg","type":"image\/jpeg"}],"author":"communication","twitter_card":"summary_large_image","twitter_misc":{"\u00c9crit par":"communication","Dur\u00e9e de lecture estim\u00e9e":"1 minute"},"schema":{"@context":"https:\/\/schema.org","@graph":[{"@type":"WebPage","@id":"https:\/\/archibat.com\/blog\/la-canopee-des-halles-apercu-des-avancees-du-chantier\/","url":"https:\/\/archibat.com\/blog\/la-canopee-des-halles-apercu-des-avancees-du-chantier\/","name":"La Canop\u00e9e des Halles : aper\u00e7u des avanc\u00e9es du chantier &#8211; ArchiBat Mag","isPartOf":{"@id":"https:\/\/archibat.com\/blog\/#website"},"primaryImageOfPage":{"@id":"https:\/\/archibat.com\/blog\/la-canopee-des-halles-apercu-des-avancees-du-chantier\/#primaryimage"},"image":{"@id":"https:\/\/archibat.com\/blog\/la-canopee-des-halles-apercu-des-avancees-du-chantier\/#primaryimage"},"thumbnailUrl":"https:\/\/archibat.com\/blog\/wp-content\/uploads\/2015\/08\/couv-1-2.jpg","datePublished":"2015-08-26T06:30:46+00:00","dateModified":"2018-11-19T15:10:21+00:00","author":{"@id":"https:\/\/archibat.com\/blog\/#\/schema\/person\/c246f0d63b5e719c2cbe4f9bd494bf12"},"description":"Lanc\u00e9 en 2012, le chantier du r\u00e9am\u00e9nagement du Forum des Halles \u00e0 Paris touche \u00e0 sa fin. Les parisiens pourront d\u00e9ambuler sous la Canop\u00e9e des Halles en 2016","breadcrumb":{"@id":"https:\/\/archibat.com\/blog\/la-canopee-des-halles-apercu-des-avancees-du-chantier\/#breadcrumb"},"inLanguage":"fr-FR","potentialAction":[{"@type":"ReadAction","target":["https:\/\/archibat.com\/blog\/la-canopee-des-halles-apercu-des-avancees-du-chantier\/"]}]},{"@type":"ImageObject","inLanguage":"fr-FR","@id":"https:\/\/archibat.com\/blog\/la-canopee-des-halles-apercu-des-avancees-du-chantier\/#primaryimage","url":"https:\/\/archibat.com\/blog\/wp-content\/uploads\/2015\/08\/couv-1-2.jpg","contentUrl":"https:\/\/archibat.com\/blog\/wp-content\/uploads\/2015\/08\/couv-1-2.jpg","width":635,"height":357,"caption":"canop\u00e9e des halles"},{"@type":"BreadcrumbList","@id":"https:\/\/archibat.com\/blog\/la-canopee-des-halles-apercu-des-avancees-du-chantier\/#breadcrumb","itemListElement":[{"@type":"ListItem","position":1,"name":"Home","item":"https:\/\/archibat.com\/blog\/"},{"@type":"ListItem","position":2,"name":"La Canop\u00e9e des Halles : aper\u00e7u des avanc\u00e9es du chantier"}]},{"@type":"WebSite","@id":"https:\/\/archibat.com\/blog\/#website","url":"https:\/\/archibat.com\/blog\/","name":"ArchiBat Mag","description":"Vous souhaitez connaitre les derni\u00e8res actualit\u00e9s sur l\u2019Architecture, le Design ou les Ressources Humaines ? D\u00e9couvrez ArchiBat Mag, le magazine d\u00e9di\u00e9 aux m\u00e9tiers de l&#039;Architecture et de l&#039;Ing\u00e9nierie.","potentialAction":[{"@type":"SearchAction","target":{"@type":"EntryPoint","urlTemplate":"https:\/\/archibat.com\/blog\/?s={search_term_string}"},"query-input":{"@type":"PropertyValueSpecification","valueRequired":true,"valueName":"search_term_string"}}],"inLanguage":"fr-FR"},{"@type":"Person","@id":"https:\/\/archibat.com\/blog\/#\/schema\/person\/c246f0d63b5e719c2cbe4f9bd494bf12","name":"communication"}]}},"_links":{"self":[{"href":"https:\/\/archibat.com\/blog\/wp-json\/wp\/v2\/posts\/990","targetHints":{"allow":["GET"]}}],"collection":[{"href":"https:\/\/archibat.com\/blog\/wp-json\/wp\/v2\/posts"}],"about":[{"href":"https:\/\/archibat.com\/blog\/wp-json\/wp\/v2\/types\/post"}],"author":[{"embeddable":true,"href":"https:\/\/archibat.com\/blog\/wp-json\/wp\/v2\/users\/2"}],"replies":[{"embeddable":true,"href":"https:\/\/archibat.com\/blog\/wp-json\/wp\/v2\/comments?post=990"}],"version-history":[{"count":3,"href":"https:\/\/archibat.com\/blog\/wp-json\/wp\/v2\/posts\/990\/revisions"}],"predecessor-version":[{"id":7671,"href":"https:\/\/archibat.com\/blog\/wp-json\/wp\/v2\/posts\/990\/revisions\/7671"}],"wp:featuredmedia":[{"embeddable":true,"href":"https:\/\/archibat.com\/blog\/wp-json\/wp\/v2\/media\/997"}],"wp:attachment":[{"href":"https:\/\/archibat.com\/blog\/wp-json\/wp\/v2\/media?parent=990"}],"wp:term":[{"taxonomy":"category","embeddable":true,"href":"https:\/\/archibat.com\/blog\/wp-json\/wp\/v2\/categories?post=990"},{"taxonomy":"post_tag","embeddable":true,"href":"https:\/\/archibat.com\/blog\/wp-json\/wp\/v2\/tags?post=990"}],"curies":[{"name":"wp","href":"https:\/\/api.w.org\/{rel}","templated":true}]}}