{"id":9927,"date":"2019-06-21T15:47:19","date_gmt":"2019-06-21T13:47:19","guid":{"rendered":"https:\/\/archibat.com\/blog\/?p=9927"},"modified":"2022-10-18T16:35:56","modified_gmt":"2022-10-18T14:35:56","slug":"ateliers-parcours-et-perspectives-4-architectes-a-linternational","status":"publish","type":"post","link":"https:\/\/archibat.com\/blog\/ateliers-parcours-et-perspectives-4-architectes-a-linternational\/","title":{"rendered":"Ateliers Parcours et Perspectives #4 \u2013 Architectes \u00e0 l\u2019international"},"content":{"rendered":"\n<p>Exp\u00e9riences \u00e0 l\u2019international : les multiples fa\u00e7ons de construire  son parcours hors des fronti\u00e8res, quels fils conducteurs ? Quelles valeurs ? Quelles pratiques ?<\/p>\n\n\n\n<p>Avec l&rsquo;intervention de :<br>&#8211; Olivier Fraisse, Architecte associ\u00e9, fondateur agence Terreneuve<br>&#8211; Alexandra Singer-Bieder, Architecte, agence Dubuisson Architecture<\/p>\n","protected":false},"excerpt":{"rendered":"<p>Exp\u00e9riences \u00e0 l\u2019international : les multiples fa\u00e7ons de construire son parcours hors des fronti\u00e8res, quels fils conducteurs ? Quelles valeurs ? Quelles pratiques ? Avec\u2026<\/p>\n","protected":false},"author":2,"featured_media":9936,"comment_status":"closed","ping_status":"closed","sticky":false,"template":"","format":"video","meta":{"_acf_changed":false,"footnotes":""},"categories":[4],"tags":[1240,1462,1245],"class_list":["post-9927","post","type-post","status-publish","format-video","has-post-thumbnail","hentry","category-ressources-humaines","tag-architecture-2","tag-expatriation","tag-international-2","post_format-post-format-video"],"acf":[],"yoast_head":"<!-- This site is optimized with the Yoast SEO plugin v24.8.1 - https:\/\/yoast.com\/wordpress\/plugins\/seo\/ -->\n<title>Ateliers Parcours et Perspectives #4 \u2013 Architectes \u00e0 l\u2019international &#8211; ArchiBat Mag<\/title>\n<meta name=\"robots\" content=\"index, follow, max-snippet:-1, max-image-preview:large, max-video-preview:-1\" \/>\n<link rel=\"canonical\" href=\"https:\/\/archibat.com\/blog\/ateliers-parcours-et-perspectives-4-architectes-a-linternational\/\" \/>\n<meta property=\"og:locale\" content=\"fr_FR\" \/>\n<meta property=\"og:type\" content=\"article\" \/>\n<meta property=\"og:title\" content=\"Ateliers Parcours et Perspectives #4 \u2013 Architectes \u00e0 l\u2019international &#8211; ArchiBat Mag\" \/>\n<meta property=\"og:description\" content=\"Exp\u00e9riences \u00e0 l\u2019international : les multiples fa\u00e7ons de construire son parcours hors des fronti\u00e8res, quels fils conducteurs ? Quelles valeurs ? Quelles pratiques ? Avec\u2026\" \/>\n<meta property=\"og:url\" content=\"https:\/\/archibat.com\/blog\/ateliers-parcours-et-perspectives-4-architectes-a-linternational\/\" \/>\n<meta property=\"og:site_name\" content=\"ArchiBat Mag\" \/>\n<meta property=\"article:published_time\" content=\"2019-06-21T13:47:19+00:00\" \/>\n<meta property=\"article:modified_time\" content=\"2022-10-18T14:35:56+00:00\" \/>\n<meta property=\"og:image\" content=\"https:\/\/archibat.com\/blog\/wp-content\/uploads\/2019\/06\/Capture-d\u2019e\u0301cran-2019-06-21-a\u0300-15.52.13-720x405.png\" \/>\n\t<meta property=\"og:image:width\" content=\"720\" \/>\n\t<meta property=\"og:image:height\" content=\"405\" \/>\n\t<meta property=\"og:image:type\" content=\"image\/png\" \/>\n<meta name=\"author\" content=\"communication\" \/>\n<meta name=\"twitter:card\" content=\"summary_large_image\" \/>\n<meta name=\"twitter:label1\" content=\"\u00c9crit par\" \/>\n\t<meta name=\"twitter:data1\" content=\"communication\" \/>\n<script type=\"application\/ld+json\" class=\"yoast-schema-graph\">{\"@context\":\"https:\/\/schema.org\",\"@graph\":[{\"@type\":\"WebPage\",\"@id\":\"https:\/\/archibat.com\/blog\/ateliers-parcours-et-perspectives-4-architectes-a-linternational\/\",\"url\":\"https:\/\/archibat.com\/blog\/ateliers-parcours-et-perspectives-4-architectes-a-linternational\/\",\"name\":\"Ateliers Parcours et Perspectives #4 \u2013 Architectes \u00e0 l\u2019international &#8211; ArchiBat Mag\",\"isPartOf\":{\"@id\":\"https:\/\/archibat.com\/blog\/#website\"},\"primaryImageOfPage\":{\"@id\":\"https:\/\/archibat.com\/blog\/ateliers-parcours-et-perspectives-4-architectes-a-linternational\/#primaryimage\"},\"image\":{\"@id\":\"https:\/\/archibat.com\/blog\/ateliers-parcours-et-perspectives-4-architectes-a-linternational\/#primaryimage\"},\"thumbnailUrl\":\"https:\/\/archibat.com\/blog\/wp-content\/uploads\/2019\/06\/Capture-d\u2019e\u0301cran-2019-06-21-a\u0300-15.52.13.png\",\"datePublished\":\"2019-06-21T13:47:19+00:00\",\"dateModified\":\"2022-10-18T14:35:56+00:00\",\"author\":{\"@id\":\"https:\/\/archibat.com\/blog\/#\/schema\/person\/c246f0d63b5e719c2cbe4f9bd494bf12\"},\"breadcrumb\":{\"@id\":\"https:\/\/archibat.com\/blog\/ateliers-parcours-et-perspectives-4-architectes-a-linternational\/#breadcrumb\"},\"inLanguage\":\"fr-FR\",\"potentialAction\":[{\"@type\":\"ReadAction\",\"target\":[\"https:\/\/archibat.com\/blog\/ateliers-parcours-et-perspectives-4-architectes-a-linternational\/\"]}]},{\"@type\":\"ImageObject\",\"inLanguage\":\"fr-FR\",\"@id\":\"https:\/\/archibat.com\/blog\/ateliers-parcours-et-perspectives-4-architectes-a-linternational\/#primaryimage\",\"url\":\"https:\/\/archibat.com\/blog\/wp-content\/uploads\/2019\/06\/Capture-d\u2019e\u0301cran-2019-06-21-a\u0300-15.52.13.png\",\"contentUrl\":\"https:\/\/archibat.com\/blog\/wp-content\/uploads\/2019\/06\/Capture-d\u2019e\u0301cran-2019-06-21-a\u0300-15.52.13.png\",\"width\":1920,\"height\":1080},{\"@type\":\"BreadcrumbList\",\"@id\":\"https:\/\/archibat.com\/blog\/ateliers-parcours-et-perspectives-4-architectes-a-linternational\/#breadcrumb\",\"itemListElement\":[{\"@type\":\"ListItem\",\"position\":1,\"name\":\"Home\",\"item\":\"https:\/\/archibat.com\/blog\/\"},{\"@type\":\"ListItem\",\"position\":2,\"name\":\"Ateliers Parcours et Perspectives #4 \u2013 Architectes \u00e0 l\u2019international\"}]},{\"@type\":\"WebSite\",\"@id\":\"https:\/\/archibat.com\/blog\/#website\",\"url\":\"https:\/\/archibat.com\/blog\/\",\"name\":\"ArchiBat Mag\",\"description\":\"Vous souhaitez connaitre les derni\u00e8res actualit\u00e9s sur l\u2019Architecture, le Design ou les Ressources Humaines ? D\u00e9couvrez ArchiBat Mag, le magazine d\u00e9di\u00e9 aux m\u00e9tiers de l&#039;Architecture et de l&#039;Ing\u00e9nierie.\",\"potentialAction\":[{\"@type\":\"SearchAction\",\"target\":{\"@type\":\"EntryPoint\",\"urlTemplate\":\"https:\/\/archibat.com\/blog\/?s={search_term_string}\"},\"query-input\":{\"@type\":\"PropertyValueSpecification\",\"valueRequired\":true,\"valueName\":\"search_term_string\"}}],\"inLanguage\":\"fr-FR\"},{\"@type\":\"Person\",\"@id\":\"https:\/\/archibat.com\/blog\/#\/schema\/person\/c246f0d63b5e719c2cbe4f9bd494bf12\",\"name\":\"communication\"}]}<\/script>\n<!-- \/ Yoast SEO plugin. -->","yoast_head_json":{"title":"Ateliers Parcours et Perspectives #4 \u2013 Architectes \u00e0 l\u2019international &#8211; ArchiBat Mag","robots":{"index":"index","follow":"follow","max-snippet":"max-snippet:-1","max-image-preview":"max-image-preview:large","max-video-preview":"max-video-preview:-1"},"canonical":"https:\/\/archibat.com\/blog\/ateliers-parcours-et-perspectives-4-architectes-a-linternational\/","og_locale":"fr_FR","og_type":"article","og_title":"Ateliers Parcours et Perspectives #4 \u2013 Architectes \u00e0 l\u2019international &#8211; ArchiBat Mag","og_description":"Exp\u00e9riences \u00e0 l\u2019international : les multiples fa\u00e7ons de construire son parcours hors des fronti\u00e8res, quels fils conducteurs ? Quelles valeurs ? Quelles pratiques ? Avec\u2026","og_url":"https:\/\/archibat.com\/blog\/ateliers-parcours-et-perspectives-4-architectes-a-linternational\/","og_site_name":"ArchiBat Mag","article_published_time":"2019-06-21T13:47:19+00:00","article_modified_time":"2022-10-18T14:35:56+00:00","og_image":[{"width":720,"height":405,"url":"https:\/\/archibat.com\/blog\/wp-content\/uploads\/2019\/06\/Capture-d\u2019e\u0301cran-2019-06-21-a\u0300-15.52.13-720x405.png","type":"image\/png"}],"author":"communication","twitter_card":"summary_large_image","twitter_misc":{"\u00c9crit par":"communication"},"schema":{"@context":"https:\/\/schema.org","@graph":[{"@type":"WebPage","@id":"https:\/\/archibat.com\/blog\/ateliers-parcours-et-perspectives-4-architectes-a-linternational\/","url":"https:\/\/archibat.com\/blog\/ateliers-parcours-et-perspectives-4-architectes-a-linternational\/","name":"Ateliers Parcours et Perspectives #4 \u2013 Architectes \u00e0 l\u2019international &#8211; ArchiBat Mag","isPartOf":{"@id":"https:\/\/archibat.com\/blog\/#website"},"primaryImageOfPage":{"@id":"https:\/\/archibat.com\/blog\/ateliers-parcours-et-perspectives-4-architectes-a-linternational\/#primaryimage"},"image":{"@id":"https:\/\/archibat.com\/blog\/ateliers-parcours-et-perspectives-4-architectes-a-linternational\/#primaryimage"},"thumbnailUrl":"https:\/\/archibat.com\/blog\/wp-content\/uploads\/2019\/06\/Capture-d\u2019e\u0301cran-2019-06-21-a\u0300-15.52.13.png","datePublished":"2019-06-21T13:47:19+00:00","dateModified":"2022-10-18T14:35:56+00:00","author":{"@id":"https:\/\/archibat.com\/blog\/#\/schema\/person\/c246f0d63b5e719c2cbe4f9bd494bf12"},"breadcrumb":{"@id":"https:\/\/archibat.com\/blog\/ateliers-parcours-et-perspectives-4-architectes-a-linternational\/#breadcrumb"},"inLanguage":"fr-FR","potentialAction":[{"@type":"ReadAction","target":["https:\/\/archibat.com\/blog\/ateliers-parcours-et-perspectives-4-architectes-a-linternational\/"]}]},{"@type":"ImageObject","inLanguage":"fr-FR","@id":"https:\/\/archibat.com\/blog\/ateliers-parcours-et-perspectives-4-architectes-a-linternational\/#primaryimage","url":"https:\/\/archibat.com\/blog\/wp-content\/uploads\/2019\/06\/Capture-d\u2019e\u0301cran-2019-06-21-a\u0300-15.52.13.png","contentUrl":"https:\/\/archibat.com\/blog\/wp-content\/uploads\/2019\/06\/Capture-d\u2019e\u0301cran-2019-06-21-a\u0300-15.52.13.png","width":1920,"height":1080},{"@type":"BreadcrumbList","@id":"https:\/\/archibat.com\/blog\/ateliers-parcours-et-perspectives-4-architectes-a-linternational\/#breadcrumb","itemListElement":[{"@type":"ListItem","position":1,"name":"Home","item":"https:\/\/archibat.com\/blog\/"},{"@type":"ListItem","position":2,"name":"Ateliers Parcours et Perspectives #4 \u2013 Architectes \u00e0 l\u2019international"}]},{"@type":"WebSite","@id":"https:\/\/archibat.com\/blog\/#website","url":"https:\/\/archibat.com\/blog\/","name":"ArchiBat Mag","description":"Vous souhaitez connaitre les derni\u00e8res actualit\u00e9s sur l\u2019Architecture, le Design ou les Ressources Humaines ? D\u00e9couvrez ArchiBat Mag, le magazine d\u00e9di\u00e9 aux m\u00e9tiers de l&#039;Architecture et de l&#039;Ing\u00e9nierie.","potentialAction":[{"@type":"SearchAction","target":{"@type":"EntryPoint","urlTemplate":"https:\/\/archibat.com\/blog\/?s={search_term_string}"},"query-input":{"@type":"PropertyValueSpecification","valueRequired":true,"valueName":"search_term_string"}}],"inLanguage":"fr-FR"},{"@type":"Person","@id":"https:\/\/archibat.com\/blog\/#\/schema\/person\/c246f0d63b5e719c2cbe4f9bd494bf12","name":"communication"}]}},"_links":{"self":[{"href":"https:\/\/archibat.com\/blog\/wp-json\/wp\/v2\/posts\/9927","targetHints":{"allow":["GET"]}}],"collection":[{"href":"https:\/\/archibat.com\/blog\/wp-json\/wp\/v2\/posts"}],"about":[{"href":"https:\/\/archibat.com\/blog\/wp-json\/wp\/v2\/types\/post"}],"author":[{"embeddable":true,"href":"https:\/\/archibat.com\/blog\/wp-json\/wp\/v2\/users\/2"}],"replies":[{"embeddable":true,"href":"https:\/\/archibat.com\/blog\/wp-json\/wp\/v2\/comments?post=9927"}],"version-history":[{"count":3,"href":"https:\/\/archibat.com\/blog\/wp-json\/wp\/v2\/posts\/9927\/revisions"}],"predecessor-version":[{"id":9938,"href":"https:\/\/archibat.com\/blog\/wp-json\/wp\/v2\/posts\/9927\/revisions\/9938"}],"wp:featuredmedia":[{"embeddable":true,"href":"https:\/\/archibat.com\/blog\/wp-json\/wp\/v2\/media\/9936"}],"wp:attachment":[{"href":"https:\/\/archibat.com\/blog\/wp-json\/wp\/v2\/media?parent=9927"}],"wp:term":[{"taxonomy":"category","embeddable":true,"href":"https:\/\/archibat.com\/blog\/wp-json\/wp\/v2\/categories?post=9927"},{"taxonomy":"post_tag","embeddable":true,"href":"https:\/\/archibat.com\/blog\/wp-json\/wp\/v2\/tags?post=9927"}],"curies":[{"name":"wp","href":"https:\/\/api.w.org\/{rel}","templated":true}]}}